{"id":16624,"date":"2021-07-20T11:17:36","date_gmt":"2021-07-20T16:17:36","guid":{"rendered":"https:\/\/encuentroinformativo.com.mx\/?p=16624"},"modified":"2021-07-20T11:17:42","modified_gmt":"2021-07-20T16:17:42","slug":"pase-sanitario","status":"publish","type":"post","link":"https:\/\/encuentroinformativo.com.mx\/?p=16624","title":{"rendered":"Pase Sanitario"},"content":{"rendered":"\n<p><strong>Los Pol\u00edticos<\/strong><\/p>\n\n\n\n<p><strong>Salvador Mu\u00f1oz<\/strong><\/p>\n\n\n\n<p>Por cualquier cosa, ya descargu\u00e9 mi Certificado de Vacunaci\u00f3n contra el Covid. S\u00ed, s\u00e9 que estamos lejos de Emmanuel Macron y Francia, pero igual pensaba que est\u00e1bamos lejos de tener un gobernador como Cuitl\u00e1huac Garc\u00eda \u00a1y ya ven!<\/p>\n\n\n\n<p>Cuando escucho que el presidente galo pretende extender el pase sanitario a actividades cotidianas, me queda claro que en M\u00e9xico estamos en un para\u00edso laxo.<\/p>\n\n\n\n<p>A una persona a la que le coment\u00e9 de las intenciones de Macron, me asegur\u00f3 que el Pase Sanitario est\u00e1 lejos de que nuestras autoridades sanitarias o en un momento dado, de que el Pejedente lo aplique\u2026<\/p>\n\n\n\n<p>De cierto modo tiene raz\u00f3n\u2026 ac\u00e1 estamos relajados con el uso de cubrebocas para entrar a establecimientos con nuestra respectiva embarrada de gel en las manos.<\/p>\n\n\n\n<p>En una de mis tantas caminatas diarias, una pareja platicaba exaltada de los \u201cpendejos que le exig\u00edan el cubrebocas para entrar a comprar\u2026 \u00a1como si ellos estuvieran muy sanos los hijos de la chingada!\u201d. Por el lugar de donde ven\u00edan, bien pudieron referirse a Walmart o Chedraui.<\/p>\n\n\n\n<p>El Pase Sanitario (certificado de vacunaci\u00f3n) en Francia, antes de la amenaza de la Cuarta Ola, estaba destinado para discotecas y eventos con m\u00e1s de 1 mil personas; a partir del 21 de julio, se extiende a espacios de ocio y cultura; empezando agosto, abarcar\u00e1 restaurantes, bares, centros comerciales, hospitales, aviones y trenes. Es decir, quien no se vacune, no tendr\u00e1 acceso a nada, literalmente.<\/p>\n\n\n\n<p>Hasta este momento, s\u00f3lo he conocido a una persona que no est\u00e1 dispuesta a vacunarse y no es por miedo a las agujas, sino porque tiene un contexto muy propio de lo que para \u00e9l significa la pandemia y las vacunas. En cambio, he conocido muchas personas interesadas en que les apliquen su dosis, en especial las de 50 a\u00f1os en adelante. Si bien, mi entorno se compone de un alto porcentaje de personas mayores de 30 a\u00f1os, los adolescentes y los del segundo piso no est\u00e1n tan preocupados por ser vacunados y andaban m\u00e1s ocupados por el chingo de tarea que les dejan en las clases a distancia que cuando iban a las presenciales. He conocido el caso de una ni\u00f1a, menor de doce a\u00f1os, que no quiere salir de su casa por temor a contagiarse del Covid\u2026 \u00a1es m\u00e1s, no quiere regresar a su escuela!<\/p>\n\n\n\n<p>Lo que s\u00ed me parece incre\u00edble es que a 18 meses de estar viviendo esta crisis sanitaria, \u00e9sta no haya disminuido, sino que hoy se incrementa.<\/p>\n\n\n\n<p>Hay quienes responsabilizan de manera directa al Gobierno federal por la falta de tacto al inicio y en el avance de la pandemia. Un hombre calificado no como fuerza de contagio, sino con fuerza moral, que era capaz de dominar al Coronavirus que le hab\u00eda ca\u00eddo como anillo al dedo, dio a sus adeptos el valor para seguir su ejemplo.<\/p>\n\n\n\n<p>Hay quienes igual se\u00f1alan a ciudadanos a los que, bajo la tesis de \u201cDe algo nos tenemos que morir\u201d, no aplicaban los protocolos demandados, siguieron su vida normal o simplemente fueron v\u00edctimas de las conductas sociales aprendidas por a\u00f1os: festejo del d\u00eda del ni\u00f1o (recuerdan las filas enormes en puestos de pizzas?) de la madre, del padre, navidad, fin de a\u00f1o, d\u00eda del amor\u2026<\/p>\n\n\n\n<p>A\u00f1o y medio de crisis de salud y econ\u00f3mica\u2026 a estas alturas, un alto porcentaje de ciudadanos ya tienen a un conocido, a un amigo o un familiar que sucumbi\u00f3 ante el Covid\u2026 es evidente que algo estamos haciendo mal.<\/p>\n\n\n\n<p>Por cualquier cosa, ya descargu\u00e9 mi Certificado de Vacunaci\u00f3n\u2026 el hecho de que lo pongan a disposici\u00f3n del ciudadano bien puede ser una se\u00f1al\u2026 es cierto, estamos lejos de Francia, y ya ven, hoy tenemos a un comediante como Gobernador\u2026 si ya se vacun\u00f3, \u00bfqu\u00e9 espera para bajar su Pase Sanitario? Si est\u00e1 ah\u00ed, es porque quiz\u00e1s tengamos que usarlo&#8230;<\/p>\n\n\n\n<p><a href=\"mailto:smcainito@gmail.com\" target=\"_blank\" rel=\"noreferrer noopener\">smcainito@gmail.com<\/a><\/p>\n","protected":false},"excerpt":{"rendered":"<p>Los Pol\u00edticos Salvador Mu\u00f1oz Por cualquier cosa, ya descargu\u00e9 mi Certificado de Vacunaci\u00f3n contra el Covid. S\u00ed, s\u00e9 que estamos lejos de Emmanuel Macron y Francia, pero igual pensaba que est\u00e1bamos lejos de tener un gobernador como Cuitl\u00e1huac Garc\u00eda \u00a1y ya ven! Cuando escucho que el presidente galo pretende extender el pase sanitario a actividades [&hellip;]<\/p>\n","protected":false},"author":1,"featured_media":70,"comment_status":"open","ping_status":"open","sticky":false,"template":"","format":"standard","meta":{"_jetpack_memberships_contains_paid_content":false,"footnotes":""},"categories":[11],"tags":[],"class_list":["post-16624","post","type-post","status-publish","format-standard","has-post-thumbnail","hentry","category-opinion"],"jetpack_featured_media_url":"https:\/\/encuentroinformativo.com.mx\/wp-content\/uploads\/2020\/02\/opinion-invitado.jpg","jetpack_sharing_enabled":true,"jetpack_likes_enabled":true,"amp_enabled":true,"_links":{"self":[{"href":"https:\/\/encuentroinformativo.com.mx\/index.php?rest_route=\/wp\/v2\/posts\/16624","targetHints":{"allow":["GET"]}}],"collection":[{"href":"https:\/\/encuentroinformativo.com.mx\/index.php?rest_route=\/wp\/v2\/posts"}],"about":[{"href":"https:\/\/encuentroinformativo.com.mx\/index.php?rest_route=\/wp\/v2\/types\/post"}],"author":[{"embeddable":true,"href":"https:\/\/encuentroinformativo.com.mx\/index.php?rest_route=\/wp\/v2\/users\/1"}],"replies":[{"embeddable":true,"href":"https:\/\/encuentroinformativo.com.mx\/index.php?rest_route=%2Fwp%2Fv2%2Fcomments&post=16624"}],"version-history":[{"count":1,"href":"https:\/\/encuentroinformativo.com.mx\/index.php?rest_route=\/wp\/v2\/posts\/16624\/revisions"}],"predecessor-version":[{"id":16625,"href":"https:\/\/encuentroinformativo.com.mx\/index.php?rest_route=\/wp\/v2\/posts\/16624\/revisions\/16625"}],"wp:featuredmedia":[{"embeddable":true,"href":"https:\/\/encuentroinformativo.com.mx\/index.php?rest_route=\/wp\/v2\/media\/70"}],"wp:attachment":[{"href":"https:\/\/encuentroinformativo.com.mx\/index.php?rest_route=%2Fwp%2Fv2%2Fmedia&parent=16624"}],"wp:term":[{"taxonomy":"category","embeddable":true,"href":"https:\/\/encuentroinformativo.com.mx\/index.php?rest_route=%2Fwp%2Fv2%2Fcategories&post=16624"},{"taxonomy":"post_tag","embeddable":true,"href":"https:\/\/encuentroinformativo.com.mx\/index.php?rest_route=%2Fwp%2Fv2%2Ftags&post=16624"}],"curies":[{"name":"wp","href":"https:\/\/api.w.org\/{rel}","templated":true}]}}