{"id":16626,"date":"2021-07-20T12:09:47","date_gmt":"2021-07-20T17:09:47","guid":{"rendered":"https:\/\/encuentroinformativo.com.mx\/?p=16626"},"modified":"2021-07-20T12:09:50","modified_gmt":"2021-07-20T17:09:50","slug":"por-falta-de-respuesta-reanuda-protesta-extrabajador-de-salud","status":"publish","type":"post","link":"https:\/\/encuentroinformativo.com.mx\/?p=16626","title":{"rendered":"Por falta de respuesta, reanuda protesta extrabajador de Salud"},"content":{"rendered":"\n<p><strong>Dar\u00edo Pale<\/strong><\/p>\n\n\n\n<p>Xalapa, Ver.- El se\u00f1or Francisco Espinosa Ram\u00edrez se manifest\u00f3 en la plaza Lerdo ya que el d\u00eda de ayer no le resolvieron nada despu\u00e9s de manifestarse en la Secretaria de Salud ya que est\u00e1 solicitando que sea reinstalado.<\/p>\n\n\n\n<p>Entrevistado durante su manifestaci\u00f3n dio a conocer que el d\u00eda de ayer cuando arrib\u00f3 el secretario de salud a sus oficinas se coloc\u00f3 frente a su camioneta \u00fanicamente para que se diera cuenta de cu\u00e1l era su solicitud pero contrario a ello fue retirado por uno de los conductores de las unidades.<\/p>\n\n\n\n<p>Dio a conocer que fue arrojado a las piedras sin que se lastimara, por lo que \u00e9l da de hoy se manifiesta en la plaza Lerdo ya que aqu\u00ed no corre el riesgo de que lo retiren de este lugar.<\/p>\n\n\n\n<p>Reiter\u00f3 que el fue despedido de forma injustificada y ya no cuenta con recursos debido a que ya empe\u00f1o todo lo que ten\u00eda cuenta con nueve boletas de empe\u00f1o y ya no tiene cosas para poder empe\u00f1ar.<\/p>\n\n\n\n<p>Finalmente se\u00f1al\u00f3 que si no hay quien le resuelva su problema tratara de buscar al gobernador del estado para hacer de su conocimiento el problema que \u00e9l tiene ya que no quiere hablar con el secretario del secretario o alguna otra persona que no le resuelva.<\/p>\n\n\n\n<figure class=\"wp-block-image size-large\"><img loading=\"lazy\" decoding=\"async\" width=\"1024\" height=\"576\" src=\"https:\/\/encuentroinformativo.com.mx\/wp-content\/uploads\/2021\/07\/FF168C80-4B9C-4222-8B08-D063E16DF6CD-1024x576.jpeg\" alt=\"\" class=\"wp-image-16628\" srcset=\"https:\/\/encuentroinformativo.com.mx\/wp-content\/uploads\/2021\/07\/FF168C80-4B9C-4222-8B08-D063E16DF6CD-1024x576.jpeg 1024w, https:\/\/encuentroinformativo.com.mx\/wp-content\/uploads\/2021\/07\/FF168C80-4B9C-4222-8B08-D063E16DF6CD-300x169.jpeg 300w, https:\/\/encuentroinformativo.com.mx\/wp-content\/uploads\/2021\/07\/FF168C80-4B9C-4222-8B08-D063E16DF6CD-768x432.jpeg 768w, https:\/\/encuentroinformativo.com.mx\/wp-content\/uploads\/2021\/07\/FF168C80-4B9C-4222-8B08-D063E16DF6CD.jpeg 1280w\" sizes=\"auto, (max-width: 1024px) 100vw, 1024px\" \/><\/figure>\n","protected":false},"excerpt":{"rendered":"<p>Dar\u00edo Pale Xalapa, Ver.- El se\u00f1or Francisco Espinosa Ram\u00edrez se manifest\u00f3 en la plaza Lerdo ya que el d\u00eda de ayer no le resolvieron nada despu\u00e9s de manifestarse en la Secretaria de Salud ya que est\u00e1 solicitando que sea reinstalado. Entrevistado durante su manifestaci\u00f3n dio a conocer que el d\u00eda de ayer cuando arrib\u00f3 el [&hellip;]<\/p>\n","protected":false},"author":1,"featured_media":16627,"comment_status":"open","ping_status":"open","sticky":false,"template":"","format":"standard","meta":{"_jetpack_memberships_contains_paid_content":false,"footnotes":""},"categories":[9],"tags":[],"class_list":["post-16626","post","type-post","status-publish","format-standard","has-post-thumbnail","hentry","category-salud"],"jetpack_featured_media_url":"https:\/\/encuentroinformativo.com.mx\/wp-content\/uploads\/2021\/07\/9C2B64D6-FF1C-43E3-A9AB-41F6CEDC6422.jpeg","jetpack_sharing_enabled":true,"jetpack_likes_enabled":true,"amp_enabled":true,"_links":{"self":[{"href":"https:\/\/encuentroinformativo.com.mx\/index.php?rest_route=\/wp\/v2\/posts\/16626","targetHints":{"allow":["GET"]}}],"collection":[{"href":"https:\/\/encuentroinformativo.com.mx\/index.php?rest_route=\/wp\/v2\/posts"}],"about":[{"href":"https:\/\/encuentroinformativo.com.mx\/index.php?rest_route=\/wp\/v2\/types\/post"}],"author":[{"embeddable":true,"href":"https:\/\/encuentroinformativo.com.mx\/index.php?rest_route=\/wp\/v2\/users\/1"}],"replies":[{"embeddable":true,"href":"https:\/\/encuentroinformativo.com.mx\/index.php?rest_route=%2Fwp%2Fv2%2Fcomments&post=16626"}],"version-history":[{"count":1,"href":"https:\/\/encuentroinformativo.com.mx\/index.php?rest_route=\/wp\/v2\/posts\/16626\/revisions"}],"predecessor-version":[{"id":16629,"href":"https:\/\/encuentroinformativo.com.mx\/index.php?rest_route=\/wp\/v2\/posts\/16626\/revisions\/16629"}],"wp:featuredmedia":[{"embeddable":true,"href":"https:\/\/encuentroinformativo.com.mx\/index.php?rest_route=\/wp\/v2\/media\/16627"}],"wp:attachment":[{"href":"https:\/\/encuentroinformativo.com.mx\/index.php?rest_route=%2Fwp%2Fv2%2Fmedia&parent=16626"}],"wp:term":[{"taxonomy":"category","embeddable":true,"href":"https:\/\/encuentroinformativo.com.mx\/index.php?rest_route=%2Fwp%2Fv2%2Fcategories&post=16626"},{"taxonomy":"post_tag","embeddable":true,"href":"https:\/\/encuentroinformativo.com.mx\/index.php?rest_route=%2Fwp%2Fv2%2Ftags&post=16626"}],"curies":[{"name":"wp","href":"https:\/\/api.w.org\/{rel}","templated":true}]}}