{"id":16630,"date":"2021-07-20T12:58:05","date_gmt":"2021-07-20T17:58:05","guid":{"rendered":"https:\/\/encuentroinformativo.com.mx\/?p=16630"},"modified":"2021-07-20T12:58:10","modified_gmt":"2021-07-20T17:58:10","slug":"arrancara-vacunacion-para-mayores-de-18","status":"publish","type":"post","link":"https:\/\/encuentroinformativo.com.mx\/?p=16630","title":{"rendered":"Arrancar\u00e1 vacunaci\u00f3n para mayores de 18"},"content":{"rendered":"\n<p><strong>Juan Arcos <\/strong><\/p>\n\n\n\n<p>Xalapa, Ver.- A partir del pr\u00f3ximo 26 de julio ser\u00e1n vacunadas contra SARS-COV-2 (COVID-19) personas de 18 a 39 a\u00f1os de la zona serrana en el estado de Veracruz.<\/p>\n\n\n\n<p>As\u00ed lo dio a conocer el delegado de Programas Sociales en Veracruz, Manuel Huerta Ladr\u00f3n de Guevara, quien adem\u00e1s detall\u00f3 que ser\u00e1 aplicada la vacuna Cansino, misma que es unidosis y resulta perfecta para la poblaci\u00f3n ind\u00edgena.\u00a0<\/p>\n\n\n\n<p>\u201cDe esta manera cuando vayamos ya no tenemos que ir dos veces y vamos a tener que acelerar el proceso de vacunaci\u00f3n. Vamos a empezar a vacunar desde 18 a 39 a\u00f1os, pero tambi\u00e9n aceptaremos remisos y vamos a vacunar a toda la vacunaci\u00f3n, vamos en un esquema de municipio por municipio\u201d.<\/p>\n\n\n\n<p>Esto ser\u00e1 posible en los municipios de Chumatl\u00e1n, Coahuitl\u00e1n, Coxquihui, Filomeno Mata, Ilamatl\u00e1n, Texcatepec, Zozocolco de Hidalgo, Mecatl\u00e1n, Tepatlaxco, Los Reyes, Tehuipango, Tequila, Texhuacan, Xoxocotla, Astacinga, Atlahuilco, Mixtla de Altamirano, Tlaquilpa, La Perla, Ayahualulco, Actopan, Acula y otros.<\/p>\n\n\n\n<p>\u201cSon 26 municipios que se suman a esta campa\u00f1a de 30 a 39 a\u00f1os, pero en el caso de los serranos que anunci\u00e9 con Cansino apertura de 18 a\u00f1os en adelante\u201d.<\/p>\n\n\n\n<p>En ese sentido, el funcionario federal pidi\u00f3 a los j\u00f3venes mayores de 18 a\u00f1os que lleven a cabo su registro en la plataforma\u00a0<a rel=\"noreferrer noopener\" href=\"http:\/\/mivacuna.salud.gob.mx\/\" target=\"_blank\">mivacuna.salud.gob.mx<\/a>.<\/p>\n\n\n\n<p>\u201cViene el aceleramiento, tanto de la generaci\u00f3n 30-39 a\u00f1os para que nos dejen m\u00e1s libres para estar vacunando posteriormente a la de 18-30 a\u00f1os tambi\u00e9n de zonas urbanas, es momento de que suban sus datos a la plataforma y su intenci\u00f3n de vacunarse\u201d.<\/p>\n\n\n\n<p>Huerta Ladr\u00f3n de Guevara indic\u00f3 que tambi\u00e9n ser\u00e1 aplicada la segunda dosis de Astra Zeneca a la poblaci\u00f3n de 50 a 59 a\u00f1os en cerca de 40 municipios, a partir del 22 de julio en m\u00f3dulos en Chalma, Chiconamel y Plat\u00f3n S\u00e1nchez.<\/p>\n\n\n\n<p>Al d\u00eda siguiente ser\u00e1 aplicada la misma dosis en Uzuluama, Naranjos, Chinampa, Tantima, Tamal\u00edn, Tamiahua, Tancoco, Chontla y otros municipios.<\/p>\n","protected":false},"excerpt":{"rendered":"<p>Juan Arcos Xalapa, Ver.- A partir del pr\u00f3ximo 26 de julio ser\u00e1n vacunadas contra SARS-COV-2 (COVID-19) personas de 18 a 39 a\u00f1os de la zona serrana en el estado de Veracruz. As\u00ed lo dio a conocer el delegado de Programas Sociales en Veracruz, Manuel Huerta Ladr\u00f3n de Guevara, quien adem\u00e1s detall\u00f3 que ser\u00e1 aplicada la [&hellip;]<\/p>\n","protected":false},"author":1,"featured_media":16631,"comment_status":"open","ping_status":"open","sticky":false,"template":"","format":"standard","meta":{"_jetpack_memberships_contains_paid_content":false,"footnotes":""},"categories":[9],"tags":[],"class_list":["post-16630","post","type-post","status-publish","format-standard","has-post-thumbnail","hentry","category-salud"],"jetpack_featured_media_url":"https:\/\/encuentroinformativo.com.mx\/wp-content\/uploads\/2021\/07\/D5737B0A-F177-48D9-AB1E-50B950A18189.jpeg","jetpack_sharing_enabled":true,"jetpack_likes_enabled":true,"amp_enabled":true,"_links":{"self":[{"href":"https:\/\/encuentroinformativo.com.mx\/index.php?rest_route=\/wp\/v2\/posts\/16630","targetHints":{"allow":["GET"]}}],"collection":[{"href":"https:\/\/encuentroinformativo.com.mx\/index.php?rest_route=\/wp\/v2\/posts"}],"about":[{"href":"https:\/\/encuentroinformativo.com.mx\/index.php?rest_route=\/wp\/v2\/types\/post"}],"author":[{"embeddable":true,"href":"https:\/\/encuentroinformativo.com.mx\/index.php?rest_route=\/wp\/v2\/users\/1"}],"replies":[{"embeddable":true,"href":"https:\/\/encuentroinformativo.com.mx\/index.php?rest_route=%2Fwp%2Fv2%2Fcomments&post=16630"}],"version-history":[{"count":1,"href":"https:\/\/encuentroinformativo.com.mx\/index.php?rest_route=\/wp\/v2\/posts\/16630\/revisions"}],"predecessor-version":[{"id":16632,"href":"https:\/\/encuentroinformativo.com.mx\/index.php?rest_route=\/wp\/v2\/posts\/16630\/revisions\/16632"}],"wp:featuredmedia":[{"embeddable":true,"href":"https:\/\/encuentroinformativo.com.mx\/index.php?rest_route=\/wp\/v2\/media\/16631"}],"wp:attachment":[{"href":"https:\/\/encuentroinformativo.com.mx\/index.php?rest_route=%2Fwp%2Fv2%2Fmedia&parent=16630"}],"wp:term":[{"taxonomy":"category","embeddable":true,"href":"https:\/\/encuentroinformativo.com.mx\/index.php?rest_route=%2Fwp%2Fv2%2Fcategories&post=16630"},{"taxonomy":"post_tag","embeddable":true,"href":"https:\/\/encuentroinformativo.com.mx\/index.php?rest_route=%2Fwp%2Fv2%2Ftags&post=16630"}],"curies":[{"name":"wp","href":"https:\/\/api.w.org\/{rel}","templated":true}]}}