{"id":16639,"date":"2021-07-20T13:17:23","date_gmt":"2021-07-20T18:17:23","guid":{"rendered":"https:\/\/encuentroinformativo.com.mx\/?p=16639"},"modified":"2021-07-20T13:17:27","modified_gmt":"2021-07-20T18:17:27","slug":"cuestionan-organizaciones-recorte-presupuestal-al-campo","status":"publish","type":"post","link":"https:\/\/encuentroinformativo.com.mx\/?p=16639","title":{"rendered":"Cuestionan organizaciones recorte presupuestal al campo"},"content":{"rendered":"\n<p><strong>Dar\u00edo Pale<\/strong><\/p>\n\n\n\n<p>Xalapa, Ver.- Integrantes del Movimiento Campesino El campo es de Todos dieron a conocer que el presupuesto para el campo en el estado se redujo en un 60 por ciento aproximadamente en los \u00faltimos tres a\u00f1os lo cual implica una limitante para los programas de desarrollo para el sector productivo en el tema rural.<\/p>\n\n\n\n<p>En conferencia de prensa realizada en los pasillos de conocido caf\u00e9 del centro de Xalapa, Javier Lopez Ortega de la Uni\u00f3n Campesina Ind\u00edgena Nacional (UCIN), Alberto Galindo del Movimiento Social Independiente de Veracruz, (MOSIV), Ver\u00f3nica Carrillo Ortega del CIOAC-JDLD, Aurora Mar\u00eda del Consejo Nacional de Sociedades y unidades con Campesinos y Colonos, Israel Castillo Cano de la UGOCM Democr\u00e1tica, y Luis G\u00f3mez Garay de la UGCP.<\/p>\n\n\n\n<p>Se\u00f1alaron que los programas federales que ha implementado el presidente de M\u00e9xico Andr\u00e9s Manuel L\u00f3pez obrador, no han sido suficiente y en el estado de Veracruz se tienen que tomar cartas en el asunto del campo, por lo que esperan que con el cambio del secretario de la SEDARPA sirva para que tomen m\u00e1s en cuenta al campo mexicano, por lo que deben de existir pol\u00edtica p\u00fablicas que puedan llegar de forma directa al campo, ya que hay una escasez de los productos b\u00e1sicos como son el arroz, el ma\u00edz, el frijol y eso es lamentable ya que se tiene que importar este tipo de productos.<\/p>\n\n\n\n<p>En Veracruz no se preve un cambio en la pol\u00edtica ya que est\u00e1n a mitad de a\u00f1o y los presupuestos ya fueron definidos por lo que esperan que cambie y se construyan nuevas pol\u00edticas para el campo, ya que las tarjetas para apoyo del campo no resuelve el problema del desarrollo del campo.<\/p>\n\n\n\n<p>Debido a la crisis sanitaria ha impactado al campo y a la sociedad en general ya que la econom\u00eda ha ca\u00eddo dr\u00e1sticamente y debido a la falta de apoyos ha empernado en todos los sentidos, motivo por el cual est\u00e1n levantando la voz solicitando al los gobiernos federal y estatal que volteen a ver el campo para que cambie sus pol\u00edticas y den apoyos productivos y no sociales.<\/p>\n\n\n\n<p>Comentaron que es mentira que todos los programas de Bienestar est\u00e9n dirigidos a las personas que en realidad lo necesitan, ya que el campo se ve olvidado y hay una pandemia m\u00e1s grave que se le llama gobierno por la poca importancia que le dan \u00a0al campo veracruzano, pero esperan que con los nuevos diputados federales le en la importancia que se deba para apoyar a los productores, ya que el grano de ma\u00edz que se. est\u00e1 importando es forrajero no es de consumo humano.<\/p>\n\n\n\n<p>Finalmente se\u00f1alaron que est\u00e1n buscando interacci\u00f3n con los diputados pero ha sido muy infructuoso, y el presupuesto para el campo de Veracruz se ha reducido aproximadamente en un 60 por ciento en los \u00faltimos tres a\u00f1os lo cual implica una limitante para la conformaci\u00f3n de programas de desarrollo para el sector productivo, por lo que en agosto iniciar\u00e1n unas actividades conmemorativas por el aniversario del natalicio de Emiliano Zapata por lo que entre el 8 y el 9 de agosto convocar\u00e1n a una asamblea campesina.<\/p>\n","protected":false},"excerpt":{"rendered":"<p>Dar\u00edo Pale Xalapa, Ver.- Integrantes del Movimiento Campesino El campo es de Todos dieron a conocer que el presupuesto para el campo en el estado se redujo en un 60 por ciento aproximadamente en los \u00faltimos tres a\u00f1os lo cual implica una limitante para los programas de desarrollo para el sector productivo en el tema [&hellip;]<\/p>\n","protected":false},"author":1,"featured_media":16640,"comment_status":"open","ping_status":"open","sticky":false,"template":"","format":"standard","meta":{"_jetpack_memberships_contains_paid_content":false,"footnotes":""},"categories":[2],"tags":[],"class_list":["post-16639","post","type-post","status-publish","format-standard","has-post-thumbnail","hentry","category-estado"],"jetpack_featured_media_url":"https:\/\/encuentroinformativo.com.mx\/wp-content\/uploads\/2021\/07\/BF77187B-778B-4F64-8FA9-399EDCF7B98E.jpeg","jetpack_sharing_enabled":true,"jetpack_likes_enabled":true,"amp_enabled":true,"_links":{"self":[{"href":"https:\/\/encuentroinformativo.com.mx\/index.php?rest_route=\/wp\/v2\/posts\/16639","targetHints":{"allow":["GET"]}}],"collection":[{"href":"https:\/\/encuentroinformativo.com.mx\/index.php?rest_route=\/wp\/v2\/posts"}],"about":[{"href":"https:\/\/encuentroinformativo.com.mx\/index.php?rest_route=\/wp\/v2\/types\/post"}],"author":[{"embeddable":true,"href":"https:\/\/encuentroinformativo.com.mx\/index.php?rest_route=\/wp\/v2\/users\/1"}],"replies":[{"embeddable":true,"href":"https:\/\/encuentroinformativo.com.mx\/index.php?rest_route=%2Fwp%2Fv2%2Fcomments&post=16639"}],"version-history":[{"count":1,"href":"https:\/\/encuentroinformativo.com.mx\/index.php?rest_route=\/wp\/v2\/posts\/16639\/revisions"}],"predecessor-version":[{"id":16641,"href":"https:\/\/encuentroinformativo.com.mx\/index.php?rest_route=\/wp\/v2\/posts\/16639\/revisions\/16641"}],"wp:featuredmedia":[{"embeddable":true,"href":"https:\/\/encuentroinformativo.com.mx\/index.php?rest_route=\/wp\/v2\/media\/16640"}],"wp:attachment":[{"href":"https:\/\/encuentroinformativo.com.mx\/index.php?rest_route=%2Fwp%2Fv2%2Fmedia&parent=16639"}],"wp:term":[{"taxonomy":"category","embeddable":true,"href":"https:\/\/encuentroinformativo.com.mx\/index.php?rest_route=%2Fwp%2Fv2%2Fcategories&post=16639"},{"taxonomy":"post_tag","embeddable":true,"href":"https:\/\/encuentroinformativo.com.mx\/index.php?rest_route=%2Fwp%2Fv2%2Ftags&post=16639"}],"curies":[{"name":"wp","href":"https:\/\/api.w.org\/{rel}","templated":true}]}}