{"id":16642,"date":"2021-07-20T13:55:36","date_gmt":"2021-07-20T18:55:36","guid":{"rendered":"https:\/\/encuentroinformativo.com.mx\/?p=16642"},"modified":"2021-07-20T13:55:44","modified_gmt":"2021-07-20T18:55:44","slug":"diputados-despenalizan-aborto-en-veracruz","status":"publish","type":"post","link":"https:\/\/encuentroinformativo.com.mx\/?p=16642","title":{"rendered":"Diputados despenalizan aborto en Veracruz"},"content":{"rendered":"\n<p><strong>Juan Arcos<\/strong><\/p>\n\n\n\n<p>Xalapa, Ver.- Con 25 votos a favor, 13 en contra y una abstenci\u00f3n, este martes fue aprobado en lo general y en lo particular la despenalizaci\u00f3n del aborto en el Congreso del Estado de Veracruz.<\/p>\n\n\n\n<p>Durante la sesi\u00f3n legislativa celebrada este martes, las diputadas y diputados se pronunciaron a favor de que esta entidad se convirtiera en la cuarta del pa\u00eds en legalizar la interrupci\u00f3n del embarazo\u00a0hasta las 12 semanas de gestaci\u00f3n, al igual que Hidalgo, Oaxaca y la Ciudad de M\u00e9xico.<\/p>\n\n\n\n<p>Se trata de la iniciativa de reforma al C\u00f3digo Penal, presentada por la diputada local del Movimiento de Regeneraci\u00f3n Nacional (Morena), M\u00f3nica Robles Barajas.<\/p>\n\n\n\n<p>Durante dos horas se llev\u00f3 a cabo la discusi\u00f3n en el pleno legislativo, donde algunos legisladores subieron a la tribuna para expresar su inconformidad hacia dicha propuesta, al considerar que \u00e9sta atenta contra la vida.<\/p>\n\n\n\n<p>Ante la mayor\u00eda de votos a favor, se reformaron los art\u00edculos 149, 150, 151, 153 y 154, y se derog\u00f3 el art\u00edculo 152; todos del C\u00f3digo Penal del Estado de Veracruz.<\/p>\n\n\n\n<p>La legisladora panista Judith Pineda indic\u00f3 que dicha aprobaci\u00f3n podr\u00eda \u201cabrir la puerta\u201d para que en Veracruz se practique el aborto hasta el octavo mes de gestaci\u00f3n, situaci\u00f3n que consider\u00f3 un atentado contra la vida de los no nacidos.<\/p>\n\n\n\n<p>Por su parte, Robles Barajas expres\u00f3 que su propuesta defiende a las mujeres para que puedan decidir la maternidad, misma que no debe ser obligatoria.<\/p>\n\n\n\n<p>En ese sentido, record\u00f3 el caso de Diana, del municipio de Oluta, quien abort\u00f3 en el sanitario de un centro comercial, despu\u00e9s de haber sido violentada por su marido y, en este momento, \u00e9l se encuentre libre y ella presa.\u00a0<\/p>\n\n\n\n<p>\u201cPensemos en Diana, en las miles de mujeres que viven violencia y no pueden defenderse&#8221;, expres\u00f3.\u00a0<\/p>\n\n\n\n<p>Afuera del Palacio Legislativo, ubicado sobre la calle Encanto, en el municipio de Xalapa, la capital del estado, se registraron protestas por parte de grupos provida, quienes exigieron a las diputadas y diputados rechazar la iniciativa y votar en contra.\u00a0<\/p>\n\n\n\n<p>Los integrantes del Frente Nacional por la Familia (FNF) y el vocero de la Arquidi\u00f3cesis de Xalapa, Jos\u00e9 Manuel Suazo Reyes, denunciaron que personal de seguridad les impidi\u00f3 el acceso al recinto legislativo, donde se llevar\u00eda a cabo la votaci\u00f3n correspondiente.&nbsp;<\/p>\n","protected":false},"excerpt":{"rendered":"<p>Juan Arcos Xalapa, Ver.- Con 25 votos a favor, 13 en contra y una abstenci\u00f3n, este martes fue aprobado en lo general y en lo particular la despenalizaci\u00f3n del aborto en el Congreso del Estado de Veracruz. Durante la sesi\u00f3n legislativa celebrada este martes, las diputadas y diputados se pronunciaron a favor de que esta [&hellip;]<\/p>\n","protected":false},"author":1,"featured_media":16643,"comment_status":"open","ping_status":"open","sticky":false,"template":"","format":"standard","meta":{"_jetpack_memberships_contains_paid_content":false,"footnotes":""},"categories":[2],"tags":[],"class_list":["post-16642","post","type-post","status-publish","format-standard","has-post-thumbnail","hentry","category-estado"],"jetpack_featured_media_url":"https:\/\/encuentroinformativo.com.mx\/wp-content\/uploads\/2021\/07\/BAF054B0-0AE1-4F62-A6D9-3098A7E64CE4.jpeg","jetpack_sharing_enabled":true,"jetpack_likes_enabled":true,"amp_enabled":true,"_links":{"self":[{"href":"https:\/\/encuentroinformativo.com.mx\/index.php?rest_route=\/wp\/v2\/posts\/16642","targetHints":{"allow":["GET"]}}],"collection":[{"href":"https:\/\/encuentroinformativo.com.mx\/index.php?rest_route=\/wp\/v2\/posts"}],"about":[{"href":"https:\/\/encuentroinformativo.com.mx\/index.php?rest_route=\/wp\/v2\/types\/post"}],"author":[{"embeddable":true,"href":"https:\/\/encuentroinformativo.com.mx\/index.php?rest_route=\/wp\/v2\/users\/1"}],"replies":[{"embeddable":true,"href":"https:\/\/encuentroinformativo.com.mx\/index.php?rest_route=%2Fwp%2Fv2%2Fcomments&post=16642"}],"version-history":[{"count":1,"href":"https:\/\/encuentroinformativo.com.mx\/index.php?rest_route=\/wp\/v2\/posts\/16642\/revisions"}],"predecessor-version":[{"id":16644,"href":"https:\/\/encuentroinformativo.com.mx\/index.php?rest_route=\/wp\/v2\/posts\/16642\/revisions\/16644"}],"wp:featuredmedia":[{"embeddable":true,"href":"https:\/\/encuentroinformativo.com.mx\/index.php?rest_route=\/wp\/v2\/media\/16643"}],"wp:attachment":[{"href":"https:\/\/encuentroinformativo.com.mx\/index.php?rest_route=%2Fwp%2Fv2%2Fmedia&parent=16642"}],"wp:term":[{"taxonomy":"category","embeddable":true,"href":"https:\/\/encuentroinformativo.com.mx\/index.php?rest_route=%2Fwp%2Fv2%2Fcategories&post=16642"},{"taxonomy":"post_tag","embeddable":true,"href":"https:\/\/encuentroinformativo.com.mx\/index.php?rest_route=%2Fwp%2Fv2%2Ftags&post=16642"}],"curies":[{"name":"wp","href":"https:\/\/api.w.org\/{rel}","templated":true}]}}