{"id":16648,"date":"2021-07-20T15:06:30","date_gmt":"2021-07-20T20:06:30","guid":{"rendered":"https:\/\/encuentroinformativo.com.mx\/?p=16648"},"modified":"2021-07-20T15:06:39","modified_gmt":"2021-07-20T20:06:39","slug":"perversa-y-asesina-asi-califica-iglesia-reforma-al-codigo-penal","status":"publish","type":"post","link":"https:\/\/encuentroinformativo.com.mx\/?p=16648","title":{"rendered":"\u201cPerversa y asesina\u201d as\u00ed califica Iglesia reforma al C\u00f3digo Penal"},"content":{"rendered":"\n<p><strong>Dar\u00edo Pale<\/strong><\/p>\n\n\n\n<p>Xalapa, Ver.- Es muy lamentable la decisi\u00f3n que tomaron los diputados al aprobar la reforma al C\u00f3digo Penal, para legalizar el aborto, as\u00ed lo se\u00f1al\u00f3 el vocero de la Arquidi\u00f3cesis de Xalapa, Jos\u00e9 Manuel Suazo Reyes.<\/p>\n\n\n\n<p>A trav\u00e9s de un video que circul\u00f3 en redes sociales afirm\u00f3 que lo sucedido en el congreso del estado se trata de una imposici\u00f3n ideol\u00f3gica, expres\u00f3 que quienes votaron por la iniciativa &#8220;perversa y asesina&#8221; seguramente ten\u00edan una indicaci\u00f3n de otro lugar.<\/p>\n\n\n\n<p>&#8220;Nos averg\u00fcenza como veracruzanos. Veracruz ama la vida y la iniciativa que hoy presentaron es una iniciativa oscura, que se ha ido haciendo de forma muy torcida&#8221;, se\u00f1al\u00f3.<\/p>\n\n\n\n<p>El vocero calific\u00f3 de extra\u00f1o que la diputada M\u00f3nica Robles Barajas haya sido quien la propuso, quien la dictamin\u00f3 y la present\u00f3 al Pleno.<\/p>\n\n\n\n<p>Finalmente se\u00f1al\u00f3 que &#8220;eso es absurdo y perverso. Creemos que la voluntad de los veracruzanos viene aqu\u00ed lastimada, ofendida y agredida&#8221;.<\/p>\n","protected":false},"excerpt":{"rendered":"<p>Dar\u00edo Pale Xalapa, Ver.- Es muy lamentable la decisi\u00f3n que tomaron los diputados al aprobar la reforma al C\u00f3digo Penal, para legalizar el aborto, as\u00ed lo se\u00f1al\u00f3 el vocero de la Arquidi\u00f3cesis de Xalapa, Jos\u00e9 Manuel Suazo Reyes. A trav\u00e9s de un video que circul\u00f3 en redes sociales afirm\u00f3 que lo sucedido en el congreso [&hellip;]<\/p>\n","protected":false},"author":1,"featured_media":16649,"comment_status":"open","ping_status":"open","sticky":false,"template":"","format":"standard","meta":{"_jetpack_memberships_contains_paid_content":false,"footnotes":""},"categories":[3],"tags":[],"class_list":["post-16648","post","type-post","status-publish","format-standard","has-post-thumbnail","hentry","category-xalapa"],"jetpack_featured_media_url":"https:\/\/encuentroinformativo.com.mx\/wp-content\/uploads\/2021\/07\/39E956ED-A45C-4FDD-BA45-EF62F36AE499.jpeg","jetpack_sharing_enabled":true,"jetpack_likes_enabled":true,"amp_enabled":true,"_links":{"self":[{"href":"https:\/\/encuentroinformativo.com.mx\/index.php?rest_route=\/wp\/v2\/posts\/16648","targetHints":{"allow":["GET"]}}],"collection":[{"href":"https:\/\/encuentroinformativo.com.mx\/index.php?rest_route=\/wp\/v2\/posts"}],"about":[{"href":"https:\/\/encuentroinformativo.com.mx\/index.php?rest_route=\/wp\/v2\/types\/post"}],"author":[{"embeddable":true,"href":"https:\/\/encuentroinformativo.com.mx\/index.php?rest_route=\/wp\/v2\/users\/1"}],"replies":[{"embeddable":true,"href":"https:\/\/encuentroinformativo.com.mx\/index.php?rest_route=%2Fwp%2Fv2%2Fcomments&post=16648"}],"version-history":[{"count":1,"href":"https:\/\/encuentroinformativo.com.mx\/index.php?rest_route=\/wp\/v2\/posts\/16648\/revisions"}],"predecessor-version":[{"id":16650,"href":"https:\/\/encuentroinformativo.com.mx\/index.php?rest_route=\/wp\/v2\/posts\/16648\/revisions\/16650"}],"wp:featuredmedia":[{"embeddable":true,"href":"https:\/\/encuentroinformativo.com.mx\/index.php?rest_route=\/wp\/v2\/media\/16649"}],"wp:attachment":[{"href":"https:\/\/encuentroinformativo.com.mx\/index.php?rest_route=%2Fwp%2Fv2%2Fmedia&parent=16648"}],"wp:term":[{"taxonomy":"category","embeddable":true,"href":"https:\/\/encuentroinformativo.com.mx\/index.php?rest_route=%2Fwp%2Fv2%2Fcategories&post=16648"},{"taxonomy":"post_tag","embeddable":true,"href":"https:\/\/encuentroinformativo.com.mx\/index.php?rest_route=%2Fwp%2Fv2%2Ftags&post=16648"}],"curies":[{"name":"wp","href":"https:\/\/api.w.org\/{rel}","templated":true}]}}