{"id":16655,"date":"2021-07-21T09:34:04","date_gmt":"2021-07-21T14:34:04","guid":{"rendered":"https:\/\/encuentroinformativo.com.mx\/?p=16655"},"modified":"2021-07-21T09:34:08","modified_gmt":"2021-07-21T14:34:08","slug":"aborto-sin-moral-ni-ideologia","status":"publish","type":"post","link":"https:\/\/encuentroinformativo.com.mx\/?p=16655","title":{"rendered":"Aborto, sin moral ni ideolog\u00eda"},"content":{"rendered":"\n<p><strong>N\u00fameros Rojos<\/strong><br><br><strong>Brenda Caballero<\/strong><\/p>\n\n\n\n<p>\u00bfEst\u00e1s a favor de la vida? S\u00ed, \u00bfEst\u00e1s a favor del aborto? S\u00ed \u00bfSe puede estar a favor de ambos?\u00a0<br>Desde mi punto de vista s\u00ed. Aunque prefiero estar a favor de los derechos de las mujeres.\u00a0<br>\u00c9stas fueron algunas preguntas y respuestas del d\u00eda de ayer que precedieron a la aprobaci\u00f3n de la despenalizaci\u00f3n del aborto hasta la semana 12 de gestaci\u00f3n en el estado de Veracruz.<\/p>\n\n\n\n<p>Hablar o en este caso escribir del aborto siempre generar\u00e1 controversias porque simplemente no somos educados de la misma forma desde peque\u00f1os. A algunos se les incluye una dosis mayor de ciencia, a otros de moral y muchos m\u00e1s ni siquiera tienen acceso a la educaci\u00f3n. Sumemos a esto el sistema patriarcal que ha imperado desde anta\u00f1o en nuestro pa\u00eds y el mundo.<\/p>\n\n\n\n<p>Estaba en la secundaria cuando mi maestra de Ciencias Naturales nos puso un video sobre un aborto clandestino. Las im\u00e1genes eran tan impresionantes que nos ocasion\u00f3 shock a varias compa\u00f1eras y compa\u00f1eros. Era una pol\u00edtica educativa de no al aborto a trav\u00e9s de generarte miedo; sin embargo, el aborto exist\u00eda&#8230; en la clandestinidad: si no &#8220;te bajaba&#8221;, las recomendaciones iban de acuerdo a \u201ccada caso de la urgencia\u201d, desde remedios caseros como el famoso t\u00e9 de canela, \u00a0jalar muebles pesados, p\u00edldoras abortivas sugeridas por la amiga de una amiga o si ya no hab\u00eda otra opci\u00f3n, recurrir a las &#8220;cl\u00ednicas&#8221; clandestinas para hacerlo, sin las condiciones de salubridad, sin la seguridad de una atenci\u00f3n m\u00e9dica correcta, o el seguimiento necesario para concluir el proceso. Ni siquiera se pod\u00eda proceder jur\u00eddicamente si la mujer sal\u00eda desangrada o mor\u00eda posteriormente.<\/p>\n\n\n\n<p>Ayer, antes de escuchar la sesi\u00f3n del Congreso Local, le\u00eda la columna de Sara Lovera, la que titul\u00f3: \u201cM\u00e9xico: 100 a\u00f1os de lucha por despenalizar el aborto\u201d, donde aparte de hacer un recuento hist\u00f3rico de la lucha de varios grupos de mujeres feministas hasta la hoy Marea Verde, citaba a Veracruz como el estado que tiene el primer lugar en muerte materna por aborto, citando la denuncia de 226 violaciones de enero a mayo de 2021.<br>\u00bfAcaso esto no es un problema de salud p\u00fablica? \u00a1Claro que lo es! y hay que atenderlo lo m\u00e1s pronto posible; es necesario proteger a las mujeres que abortan por los motivos que ellas tengan sin criminalizarlas.<\/p>\n\n\n\n<p>No podemos seguir cerrando los ojos como si el problema no existiese. Echar culpas a los partidos pol\u00edticos y sus ideolog\u00edas no soluciona nada. \u00bfD\u00f3nde quedan los derechos de las mujeres? \u00bfY las ni\u00f1as y adolescentes convertidas en madres a temprana edad? Desde luego que lo ideal ser\u00eda que no hubiese abortos. Es m\u00e1s, la aprobaci\u00f3n de la ley no significa que se vaya por la vida en aborto tras aborto como se pretende hacer creer. Estudios han demostrado que las mujeres, ni\u00f1as y adolescentes que pasan por un aborto pueden tener secuelas f\u00edsicas, psicol\u00f3gicas, traum\u00e1ticas, culpabilidad y muchas veces hasta quedar imposibilitadas para ser madres.<\/p>\n\n\n\n<p>Pero hay mujeres que llevan la peor parte y est\u00e1n encarceladas, como es el caso de Diana, de Oluta, y otras 24 mujeres que son acusadas de infanticidios.<\/p>\n\n\n\n<p>Algo que me sorprendi\u00f3 de la sesi\u00f3n del Congreso Local fueron los argumentos de los diputados y diputadas que votaron en contra de la despenalizaci\u00f3n del aborto. Ninguno pens\u00f3 en las mujeres o habl\u00f3 de ellas y su derecho de decisi\u00f3n. M\u00e1s bien se pronunciaron en la defensa de la vida (que por supuesto debe hacerse desde cualquier trinchera) y posteriormente fue un enfrascamiento de ideolog\u00edas entre partidos pol\u00edticos&#8230; hasta de &#8220;asesinos&#8221; se trataron. M\u00e1s que actuar con legalidad, diputadas y diputados externaron su moral, sin independencia ideol\u00f3gica, olvidando principalmente los derechos sexuales y reproductivos de las mujeres y ni\u00f1as veracruzanas.<\/p>\n\n\n\n<p>Hist\u00f3ricamente, con 25 votos a favor, 13 en contra y una abstenci\u00f3n se hizo ley, lo que ya era inevitable en Veracruz: la despenalizaci\u00f3n del aborto, pues si recordamos, ya se hab\u00eda llevado el proyecto a la Suprema Corte de Justicia de la Naci\u00f3n donde se obligaba al Congreso de Veracruz a modificar el C\u00f3digo Penal Local para despenalizar la interrupci\u00f3n del embarazo bajo cualquier causal, ya sea antes de las 12 semanas de gestaci\u00f3n o en cualquier momento si es producto de una violaci\u00f3n o una inseminaci\u00f3n artificial no consentida, lo que en el primer proceso hab\u00eda sido desechado; y la segunda fase est\u00e1 en revisi\u00f3n de la resoluci\u00f3n.<\/p>\n\n\n\n<p>Ahora Veracruz se suma a la Ciudad de M\u00e9xico (2007), Oaxaca (2019) e Hidalgo en (2021) donde deber\u00e1 garantizarse el aborto seguro, legal y gratuito.<\/p>\n\n\n\n<p><strong>II<\/strong><br>Sin duda alguna, la diputada M\u00f3nica Robles Barajas pasar\u00e1 a la historia de Veracruz como la gestora de la Iniciativa de Despenalizaci\u00f3n del Aborto, logrando destrabar lo que por a\u00f1os las colectivas y grupos feministas no hab\u00edan conseguido, cumpliendo as\u00ed con la Alerta de Violencia de G\u00e9nero por Agravio Comparado.<\/p>\n\n\n\n<p>\u00bfQu\u00e9 viene ahora para ella despu\u00e9s de salir del Congreso Local? \u00bfSer\u00e1 acaso que le est\u00e1 esperando la titularidad del Instituto Veracruzano de las Mujeres?\u00a0<br>Digo, el trabajo empezado en el Congreso podr\u00eda expandirlo desde esa dependencia donde ella ya fue Consejera Social.<\/p>\n\n\n\n<p>@NumerosRojos_BC<br><a href=\"mailto:caballero_brenda@hotmail.com\" target=\"_blank\" rel=\"noreferrer noopener\">caballero_brenda@hotmail.com<\/a><\/p>\n","protected":false},"excerpt":{"rendered":"<p>N\u00fameros Rojos Brenda Caballero \u00bfEst\u00e1s a favor de la vida? S\u00ed, \u00bfEst\u00e1s a favor del aborto? S\u00ed \u00bfSe puede estar a favor de ambos?\u00a0Desde mi punto de vista s\u00ed. Aunque prefiero estar a favor de los derechos de las mujeres.\u00a0\u00c9stas fueron algunas preguntas y respuestas del d\u00eda de ayer que precedieron a la aprobaci\u00f3n de [&hellip;]<\/p>\n","protected":false},"author":1,"featured_media":70,"comment_status":"open","ping_status":"open","sticky":false,"template":"","format":"standard","meta":{"_jetpack_memberships_contains_paid_content":false,"footnotes":""},"categories":[11],"tags":[],"class_list":["post-16655","post","type-post","status-publish","format-standard","has-post-thumbnail","hentry","category-opinion"],"jetpack_featured_media_url":"https:\/\/encuentroinformativo.com.mx\/wp-content\/uploads\/2020\/02\/opinion-invitado.jpg","jetpack_sharing_enabled":true,"jetpack_likes_enabled":true,"amp_enabled":true,"_links":{"self":[{"href":"https:\/\/encuentroinformativo.com.mx\/index.php?rest_route=\/wp\/v2\/posts\/16655","targetHints":{"allow":["GET"]}}],"collection":[{"href":"https:\/\/encuentroinformativo.com.mx\/index.php?rest_route=\/wp\/v2\/posts"}],"about":[{"href":"https:\/\/encuentroinformativo.com.mx\/index.php?rest_route=\/wp\/v2\/types\/post"}],"author":[{"embeddable":true,"href":"https:\/\/encuentroinformativo.com.mx\/index.php?rest_route=\/wp\/v2\/users\/1"}],"replies":[{"embeddable":true,"href":"https:\/\/encuentroinformativo.com.mx\/index.php?rest_route=%2Fwp%2Fv2%2Fcomments&post=16655"}],"version-history":[{"count":1,"href":"https:\/\/encuentroinformativo.com.mx\/index.php?rest_route=\/wp\/v2\/posts\/16655\/revisions"}],"predecessor-version":[{"id":16656,"href":"https:\/\/encuentroinformativo.com.mx\/index.php?rest_route=\/wp\/v2\/posts\/16655\/revisions\/16656"}],"wp:featuredmedia":[{"embeddable":true,"href":"https:\/\/encuentroinformativo.com.mx\/index.php?rest_route=\/wp\/v2\/media\/70"}],"wp:attachment":[{"href":"https:\/\/encuentroinformativo.com.mx\/index.php?rest_route=%2Fwp%2Fv2%2Fmedia&parent=16655"}],"wp:term":[{"taxonomy":"category","embeddable":true,"href":"https:\/\/encuentroinformativo.com.mx\/index.php?rest_route=%2Fwp%2Fv2%2Fcategories&post=16655"},{"taxonomy":"post_tag","embeddable":true,"href":"https:\/\/encuentroinformativo.com.mx\/index.php?rest_route=%2Fwp%2Fv2%2Ftags&post=16655"}],"curies":[{"name":"wp","href":"https:\/\/api.w.org\/{rel}","templated":true}]}}