{"id":1666,"date":"2020-04-07T12:57:54","date_gmt":"2020-04-07T17:57:54","guid":{"rendered":"https:\/\/encuentroinformativo.com\/?p=1666"},"modified":"2020-04-07T12:57:56","modified_gmt":"2020-04-07T17:57:56","slug":"historias-de-cuarentena","status":"publish","type":"post","link":"https:\/\/encuentroinformativo.com.mx\/?p=1666","title":{"rendered":"Historias de cuarentena"},"content":{"rendered":"\n<p><strong>Los Pol\u00edticos<\/strong><\/p>\n\n\n\n<p><strong>Salvador Mu\u00f1oz<\/strong><br><\/p>\n\n\n\n<p><strong>#QuedateEnCasa 1<\/strong><\/p>\n\n\n\n<p>\u00bfSe acuerdan de las disyuntivas? Mi madre pasa en estos momentos por una fuerte\u2026 hablo de una anciana que raya los 90 a\u00f1os\u2026 una de sus hermanas falleci\u00f3 ayer en la Ciudad de M\u00e9xico. La oigo al otro lado del tel\u00e9fono y su voz como que se quiere quebrar\u2026 desde hace meses venimos platicando de la situaci\u00f3n de salud tanto de ella como de sus otras dos hermanas, Clemen y Sara. Me dice que en las \u00faltimas conversaciones que ten\u00eda con Clemen, hablaban de esa \u201ccompetencia\u201d entre ellas para ver \u201cqui\u00e9n se iba primero\u201d&#8230; Se lo recuerdo y le digo que la necesito fuerte porque la \u201ccompetencia\u201d contin\u00faa\u2026 \u00a1se r\u00ede! Le hubiera gustado acompa\u00f1ar a mi hermana y prima que ayer salieron a la Ciudad de M\u00e9xico\u2026 pero ella sabe que est\u00e1 en riesgo, sabe que tiene que resguardarse y comprende que el cari\u00f1o por la t\u00eda Clemen salva cualquier \u201csana distancia\u201d que por el Coronavirus, se tenga que aplicar\u2026<\/p>\n\n\n\n<p><strong>#QuedateEnCasa 2<\/strong><\/p>\n\n\n\n<p>En el video, un hombre pide al Presidente L\u00f3pez Obrador ayuda, porque debido a la cuarentena, a la Fase 2, al Coronavirus, a la Pandemia, no tiene comida, \u201cno me van a dejar salir pa\u2019 nada\u201d, no puede trabajar\u2026 le pide m\u00ednimo, cinco mil pesitos, \u201cyo la verdad me dedico al robo de casa-habitaci\u00f3n y pues ahorita, toda la gente en esta cuarentena va a estar en su casa \u00bfpues a qui\u00e9n le voy a robar, en qu\u00e9 casa me voy a meter a robar? \u00a1Si toda la gente va a estar en su casa! Pues ni modo que pase hambre, \u00bfverdad?\u201d<\/p>\n\n\n\n<p>Parece broma pero es en serio\u2026 es seguro que desde que se declar\u00f3 la Emergencia Sanitaria hayan bajado los \u00edndices de robo en casa-habitaci\u00f3n por algo tan simple como por el #QuedateEnCasa\u2026 aunque \u00a1aguas! este domingo, al regresar de dejar la despensa de los abuelos, patrullas de la Polic\u00eda Municipal estaban en la entrada del estacionamiento\u2026 atend\u00edan el reporte de un vecino que sali\u00f3 por un momento. Es evidente que los \u201ccacomixtles\u201d lo estuvieron cazando y aprovecharon para entrar a su casa y robarle\u2026<\/p>\n\n\n\n<p>Es en el mismo edificio al que entr\u00e9 la noche del 25 de diciembre del 2019, para tratar de rescatar a un gatito que m\u00e1s tarde lo tendr\u00eda hospedado en casa: Copo. Platico esto por una raz\u00f3n: si yo entr\u00e9 hasta el quinto piso por un gato, cuantim\u00e1s los \u201cratones vaqueros\u201d&#8230; \u00a1mis vecinos dejan la puerta abierta de su edificio! Lo m\u00e1s cabr\u00f3n: Estando la mayor\u00eda en casa, nadie se dio cuenta de la intromisi\u00f3n de personas ajenas al inmueble. El #QuedateEnCasa se pas\u00f3 de excesivo.<\/p>\n\n\n\n<p><strong>#QuedateEnCasa 3<\/strong><\/p>\n\n\n\n<p>En la carretera a Coatepec, all\u00e1 por donde por lo regular suceden accidentes, unos malandros ingresaron a uno de los negocios de esos lares. La oportuna presencia de los uniformados dio al traste con las negras intenciones de los malosos. Seguridad P\u00fablica es uno de los factores m\u00e1s delicados y a la vez, m\u00e1s criticados en cualquier entidad\u2026 a veces la mala actitud de unos elementos pone por los suelos el trabajo del resto. Hoy, por estos d\u00edas de cuarentena, se habla de h\u00e9roes an\u00f3nimos, como doctores, enfermeros, socorristas, los de la Limpia P\u00fablica, etc\u00e9tera, cada quien en su justa dimensi\u00f3n, espacio y lugar\u2026 creo que en ese estante igual deber\u00eda de haber cabida para los uniformados de Seguridad P\u00fablica porque en el segundo apartado de esta columna, la cuarentena del caco del chiste, es eso, un chiste\u2026 la inseguridad, la delincuencia, los rateros no descansan, pero tampoco los polic\u00edas\u2026<\/p>\n\n\n\n<p>Veo la imagen del cuerpo inerte de un hombre en el suelo, en una de las entradas de la Plaza Animas, ac\u00e1 en Xalapa\u2026 al parecer sufri\u00f3 paro cardiorrespiratorio pero el temor a la pandemia hacen que todo parezca sospechoso\u2026 cerca del cuerpo, un polic\u00eda vigila el per\u00edmetro del fallecido\u2026 en los polic\u00edas dif\u00edcilmente cabe como en la mayor\u00eda de los ciudadanos un #QuedateEnCasa.<br><\/p>\n\n\n\n<p><a href=\"mailto:smcainito@gmail.com\" target=\"_blank\" rel=\"noreferrer noopener\">smcainito@gmail.com<\/a><\/p>\n","protected":false},"excerpt":{"rendered":"<p>Los Pol\u00edticos Salvador Mu\u00f1oz #QuedateEnCasa 1 \u00bfSe acuerdan de las disyuntivas? Mi madre pasa en estos momentos por una fuerte\u2026 hablo de una anciana que raya los 90 a\u00f1os\u2026 una de sus hermanas falleci\u00f3 ayer en la Ciudad de M\u00e9xico. La oigo al otro lado del tel\u00e9fono y su voz como que se quiere quebrar\u2026 [&hellip;]<\/p>\n","protected":false},"author":1,"featured_media":70,"comment_status":"open","ping_status":"open","sticky":false,"template":"","format":"standard","meta":{"_jetpack_memberships_contains_paid_content":false,"footnotes":""},"categories":[11],"tags":[],"class_list":["post-1666","post","type-post","status-publish","format-standard","has-post-thumbnail","hentry","category-opinion"],"jetpack_featured_media_url":"https:\/\/encuentroinformativo.com.mx\/wp-content\/uploads\/2020\/02\/opinion-invitado.jpg","jetpack_sharing_enabled":true,"jetpack_likes_enabled":true,"amp_enabled":true,"_links":{"self":[{"href":"https:\/\/encuentroinformativo.com.mx\/index.php?rest_route=\/wp\/v2\/posts\/1666","targetHints":{"allow":["GET"]}}],"collection":[{"href":"https:\/\/encuentroinformativo.com.mx\/index.php?rest_route=\/wp\/v2\/posts"}],"about":[{"href":"https:\/\/encuentroinformativo.com.mx\/index.php?rest_route=\/wp\/v2\/types\/post"}],"author":[{"embeddable":true,"href":"https:\/\/encuentroinformativo.com.mx\/index.php?rest_route=\/wp\/v2\/users\/1"}],"replies":[{"embeddable":true,"href":"https:\/\/encuentroinformativo.com.mx\/index.php?rest_route=%2Fwp%2Fv2%2Fcomments&post=1666"}],"version-history":[{"count":1,"href":"https:\/\/encuentroinformativo.com.mx\/index.php?rest_route=\/wp\/v2\/posts\/1666\/revisions"}],"predecessor-version":[{"id":1667,"href":"https:\/\/encuentroinformativo.com.mx\/index.php?rest_route=\/wp\/v2\/posts\/1666\/revisions\/1667"}],"wp:featuredmedia":[{"embeddable":true,"href":"https:\/\/encuentroinformativo.com.mx\/index.php?rest_route=\/wp\/v2\/media\/70"}],"wp:attachment":[{"href":"https:\/\/encuentroinformativo.com.mx\/index.php?rest_route=%2Fwp%2Fv2%2Fmedia&parent=1666"}],"wp:term":[{"taxonomy":"category","embeddable":true,"href":"https:\/\/encuentroinformativo.com.mx\/index.php?rest_route=%2Fwp%2Fv2%2Fcategories&post=1666"},{"taxonomy":"post_tag","embeddable":true,"href":"https:\/\/encuentroinformativo.com.mx\/index.php?rest_route=%2Fwp%2Fv2%2Ftags&post=1666"}],"curies":[{"name":"wp","href":"https:\/\/api.w.org\/{rel}","templated":true}]}}