{"id":16660,"date":"2021-07-21T09:42:48","date_gmt":"2021-07-21T14:42:48","guid":{"rendered":"https:\/\/encuentroinformativo.com.mx\/?p=16660"},"modified":"2021-07-21T09:42:53","modified_gmt":"2021-07-21T14:42:53","slug":"manos-verdes-en-veracruz-ya-es-ley","status":"publish","type":"post","link":"https:\/\/encuentroinformativo.com.mx\/?p=16660","title":{"rendered":"MANOS VERDES: EN VERACRUZ YA ES LEY"},"content":{"rendered":"\n<p><strong>ColumnaSinNombre<\/strong><\/p>\n\n\n\n<p><strong>@pablojair<\/strong><\/p>\n\n\n\n<ul class=\"wp-block-list\"><li>La libra Arturo Reyes Isidoro; regresa a casa.<\/li><li>Trasciende visita de AMLO a Veracruz, Boca y Xalapa.<\/li><li>Ratificaron vinculaci\u00f3n a proceso a dos por caso Ferral.<\/li><\/ul>\n\n\n\n<p>Tengo miedo de que se publiquen<br>mis videos \u00edntimos con la Mia Khalifa<br>&#8211;Chopenjawer temeroso de Pegasus<\/p>\n\n\n\n<p>Este martes 20 de julio fue un d\u00eda hist\u00f3rico para Veracruz, pues pese a la presi\u00f3n de grupos conservadores, fue despenalizado el aborto y aprobada la interrupci\u00f3n del embarazo hasta las 12 semanas de gestaci\u00f3n.<\/p>\n\n\n\n<p>Lo anterior fue acordado por la actual legislatura estatal por mayor\u00eda simple, con lo que Veracruz se suma a cuatro entidades m\u00e1s que otorgan este derecho: CDMX, Oaxaca e Hidalgo. Fueron 25 votos a favor, 13 en contra y una abstenci\u00f3n.<\/p>\n\n\n\n<p>La sesi\u00f3n del Congreso se pensaba para largo, pero pareciera que los &#8220;morenos&#8221; (que controlan el poder legislativo) ya agarraron la onda del manejo de tiempos, pues hubo legisladores de oposici\u00f3n que se quejaron de que cambiaron de \u00faltima hora la sesi\u00f3n y los agarraron fuera de base como se ha hecho siempre. As\u00ed que eso de que los chamaquearon, pues la neta no aplica, porque muchos saben de las ma\u00f1as legislativas.<\/p>\n\n\n\n<p>En este sentido, los que de plano marcaron su posici\u00f3n desde temprano fueron los panistas y el panista disfrazado \u201cChalo\u201d Gu\u00edzar, quienes repudiaron la iniciativa presentada por la diputada M\u00f3nica Robles Barajas, de la bancada de Morena.<\/p>\n\n\n\n<p>Por cierto que llam\u00f3 mucho la atenci\u00f3n el uso del pa\u00f1uelo (o \u201cpa\u00f1uela\u201d, ya ve que luego se enojan) verde en las curules de dicho grupo legislativo. En verdad se comprometieron con el tema al fondo.<\/p>\n\n\n\n<p>Cuando lleg\u00f3 la etapa de las discusiones, la verdad que es que no ten\u00eda mucho caso escuchar el sentido reiterativo de los opositores, por momentos reaccionarios, lo que evidenciaba frustraci\u00f3n al saberse que todo apuntaba a la aprobaci\u00f3n de la propuesta de despenalizaci\u00f3n.<\/p>\n\n\n\n<p>Lleg\u00f3 un momento en que el tema ya estaba agotado, pero era darle vueltas y vueltas y vueltas a un asunto trascendente que deb\u00eda ya aprobarse. Se escuch\u00f3 la postura que ya el PAN ha marcado desde siempre contra el aborto, pero llegaron al grado de que solamente quer\u00edan descalificar.<\/p>\n\n\n\n<p>Lo m\u00e1s evidente fue cuando a una legisladora de plano tuvieron que cerrarle el micr\u00f3fono porque no quer\u00eda decir el sentido de su voto y quiso aprovechar para echarse un rollote de esos que parecen sermones llenos de odio.<\/p>\n\n\n\n<p>Pero lo importante, lo verdaderamente trascendental, es que se aprob\u00f3. Y Veracruz se coloca en una posici\u00f3n hist\u00f3rica de permitir que sean las mujeres quienes decidan sobre su cuerpo, cuerpa, cuerpe, y no los pol\u00edticos, pol\u00edticas, peliteques, ni la iglesia, iglesio, iglesie.<\/p>\n\n\n\n<p>Y s\u00ed, la Arquidi\u00f3cesis hizo acto de presencia y tambi\u00e9n habl\u00f3 de perversiones y asesinos, como si tuviera la autoridad moral e hist\u00f3rica para opinar, pues es la principal instituci\u00f3n que se ha negado, por ejemplo, a la apertura de mujeres cardenales o papisas, entre miles de atrocidades como violaciones de ni\u00f1os, ejecuciones de mujeres librepensadoras, etc.<\/p>\n\n\n\n<p>A lo largo de siglos (seg\u00fan en defensa de la familia tradicional) critican a quienes salen del entorno de ser mujeres para el hogar; que se &#8220;masculinizan&#8221;, como lo dijo alguna vez el ultraconservador Carlos Abascal, exsecretario de Trabajo con Vicente Fox, el presidente que tambi\u00e9n hablaba de las &#8220;lavadoras de dos patas\u201d y le bes\u00f3 el anillo al Papa en un acto oficial.<\/p>\n\n\n\n<p>O sea, la verdad, la Iglesia no tendr\u00eda porqu\u00e9 opinar al respecto. No debe, ni siquiera con la bandera de la familia tradicional y del homicidio.<\/p>\n\n\n\n<p>La noticia fue nacional e internacional; el berrinche, la protesta de los opositores se minimiz\u00f3. Vale la pena destacar la imagen del fotoperiodista Ren\u00e9 Corrales, donde se ve a un cat\u00f3lico hincado, rezando en el port\u00f3n del Congreso del Estado, derrotado.<\/p>\n\n\n\n<p>Lo que ya me pareci\u00f3 excesivo fue irle a pintar manitas verdes a la Catedral de Xalapa. O sea, s\u00ed, es motivo de festejo, pero no de vandalismo.<\/p>\n\n\n\n<p>En el argot de barrio se dice que es ir a hacer le\u00f1a del \u00e1rbol ca\u00eddo y no ayuda en nada a un asunto que de por s\u00ed polariza mucho a un M\u00e9xico ya extremadamente polarizado.<\/p>\n\n\n\n<p>Ya se habla de que hay grupos religiosos que ir\u00e1n a la Suprema Corte de Justicia, pero al menos que de plano est\u00e9 muy mal armada la iniciativa y un tecnicismo legaloide lo permita, todo apunta que la despenalizaci\u00f3n lleg\u00f3 para quedarse en Veracruz.<\/p>\n\n\n\n<p>Chingao, que casi le dio patat\u00fas a Don Hip\u00f3lito y a sus huestes.<\/p>\n\n\n\n<p><strong>NOTA PARA PEGAR EN EL REFRI:<\/strong> Una muy buena noticia para el gremio period\u00edstico: anoche informaron que el muy le\u00eddo columnista y casi paisano, Arturo Reyes Isidoro, regresa a casa este mi\u00e9rcoles luego de ganarle la batalla al Covid. Ya se extra\u00f1a su &#8220;Prosa Aprisa\u201d, pero lo m\u00e1s importante es que se recupere. Abrazos con afecto.<\/p>\n\n\n\n<p><strong>OTRA NOTA: <\/strong>Que el presidente chocojarocho Andr\u00e9s Manuel L\u00f3pez Obrador andar\u00e1 el pr\u00f3ximo fin de semana visitando tierras jarochas, y tentativamente su agenda es en Boca del R\u00edo, Xalapa (donde supuestamente inaugurar\u00e1 el cuartel de la Guardia Nacional, all\u00e1 por el rumbo de la salida a Coatepec) y la conferencia ma\u00f1anera desde el puerto de Veracruz. No ha sido confirmada a\u00fan la agenda, pero de que viene a ver a los paisanos, viene.<\/p>\n\n\n\n<p><strong>LA \u00daLTIMA PORQUE MA\u00d1ANA ENTREVISTA ALL\u00c1 POR EL RUMBO DEL TR\u00c9BOL: <\/strong>Sigue el caso de la periodista Mar\u00eda Elena Ferral, asesinada el 30 de marzo de 2020, en pleno centro de Papantla. Este martes, seg\u00fan informaci\u00f3n del periodista Bernab\u00e9 Vallejo Olvera, un juez confirm\u00f3 la vinculaci\u00f3n a proceso a OTHONIEL \u201cN\u201d as\u00ed como a ALFREDO \u201cN\u201d, quienes pidieron reposici\u00f3n de juicio de vinculaci\u00f3n por argumentar deficiencias\u2026 pero se la pelaron. Hasta el d\u00eda de hoy son ocho los procesados por la presunci\u00f3n en la participaci\u00f3n en el homicidio de la comunicadora. Se sabe tambi\u00e9n que hay pendientes por ejecutarse varias \u00f3rdenes de aprehensi\u00f3n, por lo que se puede decir que el caso va muy lento. Ojal\u00e1 y no se dilate m\u00e1s, porque Mar\u00eda Elena Ferral merece justicia.<\/p>\n","protected":false},"excerpt":{"rendered":"<p>ColumnaSinNombre @pablojair La libra Arturo Reyes Isidoro; regresa a casa. Trasciende visita de AMLO a Veracruz, Boca y Xalapa. Ratificaron vinculaci\u00f3n a proceso a dos por caso Ferral. Tengo miedo de que se publiquenmis videos \u00edntimos con la Mia Khalifa&#8211;Chopenjawer temeroso de Pegasus Este martes 20 de julio fue un d\u00eda hist\u00f3rico para Veracruz, pues [&hellip;]<\/p>\n","protected":false},"author":1,"featured_media":488,"comment_status":"open","ping_status":"open","sticky":false,"template":"","format":"standard","meta":{"_jetpack_memberships_contains_paid_content":false,"footnotes":""},"categories":[11],"tags":[],"class_list":["post-16660","post","type-post","status-publish","format-standard","has-post-thumbnail","hentry","category-opinion"],"jetpack_featured_media_url":"https:\/\/encuentroinformativo.com.mx\/wp-content\/uploads\/2020\/03\/F471F608-BA1A-416B-BA7B-BCFB24F4E6D0.jpeg","jetpack_sharing_enabled":true,"jetpack_likes_enabled":true,"amp_enabled":true,"_links":{"self":[{"href":"https:\/\/encuentroinformativo.com.mx\/index.php?rest_route=\/wp\/v2\/posts\/16660","targetHints":{"allow":["GET"]}}],"collection":[{"href":"https:\/\/encuentroinformativo.com.mx\/index.php?rest_route=\/wp\/v2\/posts"}],"about":[{"href":"https:\/\/encuentroinformativo.com.mx\/index.php?rest_route=\/wp\/v2\/types\/post"}],"author":[{"embeddable":true,"href":"https:\/\/encuentroinformativo.com.mx\/index.php?rest_route=\/wp\/v2\/users\/1"}],"replies":[{"embeddable":true,"href":"https:\/\/encuentroinformativo.com.mx\/index.php?rest_route=%2Fwp%2Fv2%2Fcomments&post=16660"}],"version-history":[{"count":1,"href":"https:\/\/encuentroinformativo.com.mx\/index.php?rest_route=\/wp\/v2\/posts\/16660\/revisions"}],"predecessor-version":[{"id":16661,"href":"https:\/\/encuentroinformativo.com.mx\/index.php?rest_route=\/wp\/v2\/posts\/16660\/revisions\/16661"}],"wp:featuredmedia":[{"embeddable":true,"href":"https:\/\/encuentroinformativo.com.mx\/index.php?rest_route=\/wp\/v2\/media\/488"}],"wp:attachment":[{"href":"https:\/\/encuentroinformativo.com.mx\/index.php?rest_route=%2Fwp%2Fv2%2Fmedia&parent=16660"}],"wp:term":[{"taxonomy":"category","embeddable":true,"href":"https:\/\/encuentroinformativo.com.mx\/index.php?rest_route=%2Fwp%2Fv2%2Fcategories&post=16660"},{"taxonomy":"post_tag","embeddable":true,"href":"https:\/\/encuentroinformativo.com.mx\/index.php?rest_route=%2Fwp%2Fv2%2Ftags&post=16660"}],"curies":[{"name":"wp","href":"https:\/\/api.w.org\/{rel}","templated":true}]}}