{"id":16662,"date":"2021-07-21T10:52:36","date_gmt":"2021-07-21T15:52:36","guid":{"rendered":"https:\/\/encuentroinformativo.com.mx\/?p=16662"},"modified":"2021-07-21T10:52:43","modified_gmt":"2021-07-21T15:52:43","slug":"promueve-ine-pregunta-de-consulta-popular-en-lenguas-indigenas","status":"publish","type":"post","link":"https:\/\/encuentroinformativo.com.mx\/?p=16662","title":{"rendered":"Promueve INE pregunta de Consulta Popular en lenguas ind\u00edgenas"},"content":{"rendered":"\n<p>Xalapa, Ver.- Como parte\u00a0de las acciones que\u00a0el Instituto Nacional Electoral\u00a0(INE)\u00a0implementa\u00a0para dar\u00a0amplia\u00a0difusi\u00f3n\u00a0a\u00a0la\u00a0Consulta Popular\u00a0que\u00a0tendr\u00e1\u00a0lugar\u00a0el\u00a0primero de\u00a0agosto,\u00a0la\u00a0Junta Local Ejecutiva\u00a0en el Estado de Veracruz, en\u00a0coordinaci\u00f3n\u00a0con la\u00a0Academia Veracruzana de las Lenguas Ind\u00edgenas (AVELI)\u00a0realiz\u00f3\u00a0la traducci\u00f3n\u00a0y grabaci\u00f3n en audio\u00a0de\u00a0la pregunta\u00a0de la\u00a0Consulta\u00a0Popular\u00a0en\u00a010 lenguas originarias.<\/p>\n\n\n\n<p>As\u00ed lo anunci\u00f3&nbsp;este d\u00eda&nbsp;el&nbsp;Delegado&nbsp;del INE en el Estado, Josu\u00e9 Cervantes Mart\u00ednez,&nbsp;\u201cVeracruz&nbsp;se caracteriza por su gran&nbsp;diversidad ling\u00fc\u00edstica,&nbsp;por lo que resulta&nbsp;de vital importancia&nbsp;buscar los canales de comunicaci\u00f3n&nbsp;adecuadospara que los&nbsp;pueblos ind\u00edgenas arraigados en&nbsp;la entidadconozcan&nbsp;la pregunta&nbsp;que estar\u00e1 en las papeletas de&nbsp;la Consulta&nbsp;Popular&nbsp;y sus alcances\u201d.<\/p>\n\n\n\n<p>\u201cLas lenguas que forman parte de esta campa\u00f1a&nbsp;institucionalde difusi\u00f3n&nbsp;son:&nbsp;n\u00e1huatl de&nbsp;la Huasteca, n\u00e1huatl de la Sierra de Zongolica, zoque, Lhimasipij (tepehua), Tutunak\u00fa de la Sierra; Tutunak\u00fa de la Costa, popoluca de la Sierra, H\u00f1\u00e4h\u00f1\u00fc (otom\u00ed), t\u00e9nek; chinanteco y zapoteco\u201d, precis\u00f3.<\/p>\n\n\n\n<p>Con estas\u00a0tareas\u00a0de\u00a0promoci\u00f3n,\u00a0a\u00a0las que\u00a0se\u00a0suman\u00a0tambi\u00e9n las 20 Juntas Distritales\u00a0Ejecutivas\u00a0en el Estado,\u00a0el\u00a0INE\u00a0busca que la\u00a0Consulta Popular\u00a0sea\u00a0el\u00a0primer\u00a0ejercicio de participaci\u00f3n ciudadana m\u00e1s grande,\u00a0de mayor inclusi\u00f3n\u00a0ymejor organizado\u00a0de la\u00a0historia\u00a0democr\u00e1tica\u00a0de\u00a0M\u00e9xico.<\/p>\n\n\n\n<p>\u201cEstamos convencidos que la&nbsp;ciudadan\u00eda&nbsp;de&nbsp;todos los rincones del&nbsp;Estado&nbsp;estar\u00e1 en&nbsp;la&nbsp;posibilidad&nbsp;de&nbsp;pronunciarse,&nbsp;el&nbsp;primero de agosto,&nbsp;en&nbsp;este&nbsp;in\u00e9dito&nbsp;mecanismo&nbsp;dedemocracia&nbsp;directa&nbsp;donde contamos todas y contamos todos\u201d.<\/p>\n","protected":false},"excerpt":{"rendered":"<p>Xalapa, Ver.- Como parte\u00a0de las acciones que\u00a0el Instituto Nacional Electoral\u00a0(INE)\u00a0implementa\u00a0para dar\u00a0amplia\u00a0difusi\u00f3n\u00a0a\u00a0la\u00a0Consulta Popular\u00a0que\u00a0tendr\u00e1\u00a0lugar\u00a0el\u00a0primero de\u00a0agosto,\u00a0la\u00a0Junta Local Ejecutiva\u00a0en el Estado de Veracruz, en\u00a0coordinaci\u00f3n\u00a0con la\u00a0Academia Veracruzana de las Lenguas Ind\u00edgenas (AVELI)\u00a0realiz\u00f3\u00a0la traducci\u00f3n\u00a0y grabaci\u00f3n en audio\u00a0de\u00a0la pregunta\u00a0de la\u00a0Consulta\u00a0Popular\u00a0en\u00a010 lenguas originarias. As\u00ed lo anunci\u00f3&nbsp;este d\u00eda&nbsp;el&nbsp;Delegado&nbsp;del INE en el Estado, Josu\u00e9 Cervantes Mart\u00ednez,&nbsp;\u201cVeracruz&nbsp;se caracteriza por su gran&nbsp;diversidad ling\u00fc\u00edstica,&nbsp;por lo que resulta&nbsp;de vital [&hellip;]<\/p>\n","protected":false},"author":1,"featured_media":16663,"comment_status":"open","ping_status":"open","sticky":false,"template":"","format":"standard","meta":{"_jetpack_memberships_contains_paid_content":false,"footnotes":""},"categories":[2],"tags":[],"class_list":["post-16662","post","type-post","status-publish","format-standard","has-post-thumbnail","hentry","category-estado"],"jetpack_featured_media_url":"https:\/\/encuentroinformativo.com.mx\/wp-content\/uploads\/2021\/07\/5B7E3527-74D3-4F6A-A19D-58060133F016.jpeg","jetpack_sharing_enabled":true,"jetpack_likes_enabled":true,"amp_enabled":true,"_links":{"self":[{"href":"https:\/\/encuentroinformativo.com.mx\/index.php?rest_route=\/wp\/v2\/posts\/16662","targetHints":{"allow":["GET"]}}],"collection":[{"href":"https:\/\/encuentroinformativo.com.mx\/index.php?rest_route=\/wp\/v2\/posts"}],"about":[{"href":"https:\/\/encuentroinformativo.com.mx\/index.php?rest_route=\/wp\/v2\/types\/post"}],"author":[{"embeddable":true,"href":"https:\/\/encuentroinformativo.com.mx\/index.php?rest_route=\/wp\/v2\/users\/1"}],"replies":[{"embeddable":true,"href":"https:\/\/encuentroinformativo.com.mx\/index.php?rest_route=%2Fwp%2Fv2%2Fcomments&post=16662"}],"version-history":[{"count":1,"href":"https:\/\/encuentroinformativo.com.mx\/index.php?rest_route=\/wp\/v2\/posts\/16662\/revisions"}],"predecessor-version":[{"id":16664,"href":"https:\/\/encuentroinformativo.com.mx\/index.php?rest_route=\/wp\/v2\/posts\/16662\/revisions\/16664"}],"wp:featuredmedia":[{"embeddable":true,"href":"https:\/\/encuentroinformativo.com.mx\/index.php?rest_route=\/wp\/v2\/media\/16663"}],"wp:attachment":[{"href":"https:\/\/encuentroinformativo.com.mx\/index.php?rest_route=%2Fwp%2Fv2%2Fmedia&parent=16662"}],"wp:term":[{"taxonomy":"category","embeddable":true,"href":"https:\/\/encuentroinformativo.com.mx\/index.php?rest_route=%2Fwp%2Fv2%2Fcategories&post=16662"},{"taxonomy":"post_tag","embeddable":true,"href":"https:\/\/encuentroinformativo.com.mx\/index.php?rest_route=%2Fwp%2Fv2%2Ftags&post=16662"}],"curies":[{"name":"wp","href":"https:\/\/api.w.org\/{rel}","templated":true}]}}