{"id":16665,"date":"2021-07-21T12:23:18","date_gmt":"2021-07-21T17:23:18","guid":{"rendered":"https:\/\/encuentroinformativo.com.mx\/?p=16665"},"modified":"2021-07-21T12:23:26","modified_gmt":"2021-07-21T17:23:26","slug":"comerciantes-siguen-sin-luz-en-mercado-la-rotonda","status":"publish","type":"post","link":"https:\/\/encuentroinformativo.com.mx\/?p=16665","title":{"rendered":"Comerciantes siguen sin luz en Mercado La Rotonda"},"content":{"rendered":"\n<p><strong>Juan Arcos<\/strong><\/p>\n\n\n\n<p>Xalapa, Ver.- Locatarios de la zona suroeste del mercado Adolfo Ruiz Cortines, mejor conocido como La Rotonda, cumplieron 16 d\u00edas sin el servicio de energ\u00eda el\u00e9ctrica por omisiones del ayuntamiento de Xalapa.<\/p>\n\n\n\n<p>De acuerdo con Felipe Barrios Luis, secretario tesorero del Sindicato de Vendedores Fijos y Semifijos de Xalapa, hace cinco d\u00edas, los comerciantes lograron un convenio con la Comisi\u00f3n Federal de Electricidad (CFE) para la instalaci\u00f3n del servicio.<\/p>\n\n\n\n<p>Incluso, fueron instaladas las bases para dos medidores y las mufas correspondientes; sin embargo, los vendedores no han logrado acceder a dicho beneficio, debido a que el ayuntamiento no ha otorgado la autorizaci\u00f3n a la empresa, al tratarse de un mercado municipal.<\/p>\n\n\n\n<p>\u201cPor parte de Comisi\u00f3n ya nos instalaron lo que son las bases, ya est\u00e1 todo, ellos dicen que ya nada m\u00e1s quieren el permiso del ayuntamiento. Aqu\u00ed sentimos que el ayuntamiento no nos est\u00e1 apoyando, porque ya tiene cinco o seis d\u00edas que se pusieron la bases y no nos han apoyado en nada. Vamos y nos hacen dar vueltas\u201d.<\/p>\n\n\n\n<p>Cabe recordar que los vendedores carecen de luz desde el lunes 5 de julio, debido a que el gobierno municipal mantiene un adeudo con la Comisi\u00f3n Federal de Electricidad.<\/p>\n\n\n\n<p>En el a\u00f1o 2000, durante la administraci\u00f3n de Reynaldo Escobar P\u00e9rez, los m\u00e1s de 30 comerciantes fueron reubicados de la calle Abasolo al mercado \u201cLa Rotonda\u201d, con la promesa de que acceder\u00edan a los servicios b\u00e1sicos, como luz y agua, de manera gratuita, y as\u00ed hab\u00edan permanecido.<\/p>\n\n\n\n<p>Barrios Luis se\u00f1al\u00f3 que al menos cuatro comerciantes han cerrado sus negocios por la falta de energ\u00eda el\u00e9ctrica y las bajas ventas por la pandemia del SARS-COV-2 (COVID-19).\u00a0<br>Adem\u00e1s, algunos de los trabajadores contin\u00faan registrando p\u00e9rdidas econ\u00f3micas, toda vez que los alimentos que comercializan se han \u201cechado a perder\u201d, principalmente en las pescader\u00edas, donde requieren del funcionamiento de los refrigeradores para mantener el producto en buen estado.<\/p>\n\n\n\n<p>\u201cNecesitamos que el ayuntamiento autorice que la Comisi\u00f3n Federal nos instale la luz, le echamos la culpa al ayuntamiento de que no tenemos luz\u201d.<\/p>\n\n\n\n<p>Los vendedores est\u00e1n dispuestos a pagar por el servicio de luz y, por ello, llegaron a un arreglo para la instalaci\u00f3n de la base de los medidores.<\/p>\n\n\n\n<figure class=\"wp-block-image size-large\"><img loading=\"lazy\" decoding=\"async\" width=\"1024\" height=\"768\" src=\"https:\/\/encuentroinformativo.com.mx\/wp-content\/uploads\/2021\/07\/F8C3BB26-64EE-4764-8821-125F85AF37A7-1024x768.jpeg\" alt=\"\" class=\"wp-image-16667\" srcset=\"https:\/\/encuentroinformativo.com.mx\/wp-content\/uploads\/2021\/07\/F8C3BB26-64EE-4764-8821-125F85AF37A7-1024x768.jpeg 1024w, https:\/\/encuentroinformativo.com.mx\/wp-content\/uploads\/2021\/07\/F8C3BB26-64EE-4764-8821-125F85AF37A7-300x225.jpeg 300w, https:\/\/encuentroinformativo.com.mx\/wp-content\/uploads\/2021\/07\/F8C3BB26-64EE-4764-8821-125F85AF37A7-768x576.jpeg 768w, https:\/\/encuentroinformativo.com.mx\/wp-content\/uploads\/2021\/07\/F8C3BB26-64EE-4764-8821-125F85AF37A7-1536x1152.jpeg 1536w, https:\/\/encuentroinformativo.com.mx\/wp-content\/uploads\/2021\/07\/F8C3BB26-64EE-4764-8821-125F85AF37A7.jpeg 1600w\" sizes=\"auto, (max-width: 1024px) 100vw, 1024px\" \/><\/figure>\n","protected":false},"excerpt":{"rendered":"<p>Juan Arcos Xalapa, Ver.- Locatarios de la zona suroeste del mercado Adolfo Ruiz Cortines, mejor conocido como La Rotonda, cumplieron 16 d\u00edas sin el servicio de energ\u00eda el\u00e9ctrica por omisiones del ayuntamiento de Xalapa. De acuerdo con Felipe Barrios Luis, secretario tesorero del Sindicato de Vendedores Fijos y Semifijos de Xalapa, hace cinco d\u00edas, los [&hellip;]<\/p>\n","protected":false},"author":1,"featured_media":16666,"comment_status":"open","ping_status":"open","sticky":false,"template":"","format":"standard","meta":{"_jetpack_memberships_contains_paid_content":false,"footnotes":""},"categories":[3],"tags":[],"class_list":["post-16665","post","type-post","status-publish","format-standard","has-post-thumbnail","hentry","category-xalapa"],"jetpack_featured_media_url":"https:\/\/encuentroinformativo.com.mx\/wp-content\/uploads\/2021\/07\/6CBA3341-46D6-48D3-8B0F-C1C5A9BF5F48.jpeg","jetpack_sharing_enabled":true,"jetpack_likes_enabled":true,"amp_enabled":true,"_links":{"self":[{"href":"https:\/\/encuentroinformativo.com.mx\/index.php?rest_route=\/wp\/v2\/posts\/16665","targetHints":{"allow":["GET"]}}],"collection":[{"href":"https:\/\/encuentroinformativo.com.mx\/index.php?rest_route=\/wp\/v2\/posts"}],"about":[{"href":"https:\/\/encuentroinformativo.com.mx\/index.php?rest_route=\/wp\/v2\/types\/post"}],"author":[{"embeddable":true,"href":"https:\/\/encuentroinformativo.com.mx\/index.php?rest_route=\/wp\/v2\/users\/1"}],"replies":[{"embeddable":true,"href":"https:\/\/encuentroinformativo.com.mx\/index.php?rest_route=%2Fwp%2Fv2%2Fcomments&post=16665"}],"version-history":[{"count":1,"href":"https:\/\/encuentroinformativo.com.mx\/index.php?rest_route=\/wp\/v2\/posts\/16665\/revisions"}],"predecessor-version":[{"id":16668,"href":"https:\/\/encuentroinformativo.com.mx\/index.php?rest_route=\/wp\/v2\/posts\/16665\/revisions\/16668"}],"wp:featuredmedia":[{"embeddable":true,"href":"https:\/\/encuentroinformativo.com.mx\/index.php?rest_route=\/wp\/v2\/media\/16666"}],"wp:attachment":[{"href":"https:\/\/encuentroinformativo.com.mx\/index.php?rest_route=%2Fwp%2Fv2%2Fmedia&parent=16665"}],"wp:term":[{"taxonomy":"category","embeddable":true,"href":"https:\/\/encuentroinformativo.com.mx\/index.php?rest_route=%2Fwp%2Fv2%2Fcategories&post=16665"},{"taxonomy":"post_tag","embeddable":true,"href":"https:\/\/encuentroinformativo.com.mx\/index.php?rest_route=%2Fwp%2Fv2%2Ftags&post=16665"}],"curies":[{"name":"wp","href":"https:\/\/api.w.org\/{rel}","templated":true}]}}