{"id":16671,"date":"2021-07-21T13:33:13","date_gmt":"2021-07-21T18:33:13","guid":{"rendered":"https:\/\/encuentroinformativo.com.mx\/?p=16671"},"modified":"2021-07-21T13:33:17","modified_gmt":"2021-07-21T18:33:17","slug":"autoridades-califican-de-irresponsables-festejos-en-xico","status":"publish","type":"post","link":"https:\/\/encuentroinformativo.com.mx\/?p=16671","title":{"rendered":"Autoridades califican de \u201cirresponsables\u201d festejos en Xico"},"content":{"rendered":"\n<p><strong>Juan Arcos<\/strong><\/p>\n\n\n\n<p>Xalapa, Ver.- Los pobladores de Xico han sido \u201cirresponsables\u201d al llevar a cabo actividades como parte de la fiesta patronal en honor a Santa Mar\u00eda Magdalena, en plena ola de contagios por SARS-COV-2 (COVID-19).<\/p>\n\n\n\n<p>As\u00ed lo consider\u00f3 el director de Asuntos Religiosos del gobierno del Estado, Sergio Ulises Montes, quien adem\u00e1s lament\u00f3 que durante el martes 20 de julio se aglomeraran cientos de personas en el Pueblo M\u00e1gico para el levantamiento del arco floral.<\/p>\n\n\n\n<p>\u201cNosotros seguimos haciendo el llamado a la responsabilidad, la verdad a m\u00ed se me hace bastante irresponsable que se lleven a cabo ese tipo de actividades\u201d, enfatiz\u00f3 el funcionario estatal.<\/p>\n\n\n\n<p>A su juicio, lo ocurrido en Xico exhibe que el ayuntamiento y la Iglesia Cat\u00f3lica est\u00e1n rebasadas, toda vez que ambos suspendieron todas las actividades para evitar grandes concentraciones de gente y, pese a ello, los habitantes hicieron sus festejos.<\/p>\n\n\n\n<p>\u201cLa misma Arquidi\u00f3cesis prohibi\u00f3 todo ese tipo de actividades, precisamente para preservar la salud, el padre est\u00e1 en toda la disposici\u00f3n desde un inicio, se platic\u00f3 con ellos, el propio arzobispo emiti\u00f3 un comunicado a todos los sacerdotes de la Arquidi\u00f3cesis para que suspendieran todas sus actividades\u201d, detall\u00f3.<\/p>\n\n\n\n<p>Record\u00f3 que el estado se encuentra en sem\u00e1foro epidemiol\u00f3gico color amarillo, de riesgo medio de contagio, y no permite actividades multitudinarias. Por ello, las fiestas patronales fueron suspendidas desde hace unas semanas en la entidad.<\/p>\n\n\n\n<p>\u201cLa recomendaci\u00f3n del gobierno del estado sigue siendo que se suspendan todas las fiestas patronales en todo el estado, no nada m\u00e1s en Xico, no es una cuesti\u00f3n personal, es una cuesti\u00f3n de salud general\u201d.<\/p>\n\n\n\n<p>Cabe recordar que durante el 22 de julio se realiza la tradicional Xique\u00f1ada, en el pueblo ubicado a 23 kil\u00f3metros de Xalapa, donde se acostumbraba la suelta de toros, actividad que fue suspendida por la emergencia sanitaria.<\/p>\n\n\n\n<p>Sin embargo, no se descarta que, este jueves, los pobladores, como parte de sus tradiciones religiosas y culturales, lleven a cabo otras actividades, poniendo en riesgo a la poblaci\u00f3n y ocasionando que Xico pase del sem\u00e1foro naranja al rojo.<\/p>\n","protected":false},"excerpt":{"rendered":"<p>Juan Arcos Xalapa, Ver.- Los pobladores de Xico han sido \u201cirresponsables\u201d al llevar a cabo actividades como parte de la fiesta patronal en honor a Santa Mar\u00eda Magdalena, en plena ola de contagios por SARS-COV-2 (COVID-19). As\u00ed lo consider\u00f3 el director de Asuntos Religiosos del gobierno del Estado, Sergio Ulises Montes, quien adem\u00e1s lament\u00f3 que [&hellip;]<\/p>\n","protected":false},"author":1,"featured_media":16670,"comment_status":"open","ping_status":"open","sticky":false,"template":"","format":"standard","meta":{"_jetpack_memberships_contains_paid_content":false,"footnotes":""},"categories":[8],"tags":[],"class_list":["post-16671","post","type-post","status-publish","format-standard","has-post-thumbnail","hentry","category-region"],"jetpack_featured_media_url":"https:\/\/encuentroinformativo.com.mx\/wp-content\/uploads\/2021\/07\/96967A82-441C-46A5-AEBA-B5E154EB676B.jpeg","jetpack_sharing_enabled":true,"jetpack_likes_enabled":true,"amp_enabled":true,"_links":{"self":[{"href":"https:\/\/encuentroinformativo.com.mx\/index.php?rest_route=\/wp\/v2\/posts\/16671","targetHints":{"allow":["GET"]}}],"collection":[{"href":"https:\/\/encuentroinformativo.com.mx\/index.php?rest_route=\/wp\/v2\/posts"}],"about":[{"href":"https:\/\/encuentroinformativo.com.mx\/index.php?rest_route=\/wp\/v2\/types\/post"}],"author":[{"embeddable":true,"href":"https:\/\/encuentroinformativo.com.mx\/index.php?rest_route=\/wp\/v2\/users\/1"}],"replies":[{"embeddable":true,"href":"https:\/\/encuentroinformativo.com.mx\/index.php?rest_route=%2Fwp%2Fv2%2Fcomments&post=16671"}],"version-history":[{"count":1,"href":"https:\/\/encuentroinformativo.com.mx\/index.php?rest_route=\/wp\/v2\/posts\/16671\/revisions"}],"predecessor-version":[{"id":16672,"href":"https:\/\/encuentroinformativo.com.mx\/index.php?rest_route=\/wp\/v2\/posts\/16671\/revisions\/16672"}],"wp:featuredmedia":[{"embeddable":true,"href":"https:\/\/encuentroinformativo.com.mx\/index.php?rest_route=\/wp\/v2\/media\/16670"}],"wp:attachment":[{"href":"https:\/\/encuentroinformativo.com.mx\/index.php?rest_route=%2Fwp%2Fv2%2Fmedia&parent=16671"}],"wp:term":[{"taxonomy":"category","embeddable":true,"href":"https:\/\/encuentroinformativo.com.mx\/index.php?rest_route=%2Fwp%2Fv2%2Fcategories&post=16671"},{"taxonomy":"post_tag","embeddable":true,"href":"https:\/\/encuentroinformativo.com.mx\/index.php?rest_route=%2Fwp%2Fv2%2Ftags&post=16671"}],"curies":[{"name":"wp","href":"https:\/\/api.w.org\/{rel}","templated":true}]}}