{"id":16676,"date":"2021-07-21T14:17:01","date_gmt":"2021-07-21T19:17:01","guid":{"rendered":"https:\/\/encuentroinformativo.com.mx\/?p=16676"},"modified":"2021-07-21T14:17:08","modified_gmt":"2021-07-21T19:17:08","slug":"celebran-animalistas-castigo-para-agresor-de-cachorros","status":"publish","type":"post","link":"https:\/\/encuentroinformativo.com.mx\/?p=16676","title":{"rendered":"Celebran animalistas, castigo para agresor de cachorros"},"content":{"rendered":"\n<p><strong>Dar\u00edo Pale<\/strong><\/p>\n\n\n\n<p>Xalapa, Ver.- Por primera vez esperan que se hagan justicia ya que el asesino del peque\u00f1o cachorro de 8 meses, al cual le dio muerte hace dos a\u00f1os cinco meses, est\u00e1 preso en Pacho Viejo, as\u00ed lo dio a conocer Araceli Jim\u00e9nez, representante de Maussi Animal.<\/p>\n\n\n\n<p>En conferencia de prensa realizada en conocido caf\u00e9 del centro de Xalapa, coment\u00f3 que, &#8220;el agresor se encuentra detenido, eso para nosotros es una muy buena noticia, porque finalmente se est\u00e1 haciendo justicia para ellos, tenemos much\u00edsimos casos de maltrato en el Estado, much\u00edsimo casos en todo el pa\u00eds, son casos muy duros, muy aberrantes, sin embargo, no se ve justicia&#8221;.<\/p>\n\n\n\n<p>La defensora de los animales record\u00f3 que en febrero de 2019 un sujeto machete\u00f3 al indefenso animalito frente a tres menores de edad, causando un da\u00f1o psicol\u00f3gico en ellas.<\/p>\n\n\n\n<p>&#8220;Una madre trabajadora sali\u00f3 a pasear con sus tres menores hijas y su perro, el perro quiso jugar con esta persona y le brinc\u00f3, le puso sus manitas, pero le sac\u00f3 un machete, le asest\u00f3 un golpe en el cuello, causando una ruptura de arterias y una fractura, de las cuales no sobrevivi\u00f3&#8221;, se\u00f1al\u00f3.<\/p>\n\n\n\n<p>El ayuntamiento de Xico en lugar de apoyar la denuncia, les recomend\u00f3 adoptar otro cachorro porque se trat\u00f3 de un error del violento sujeto, por lo que Araceli Jim\u00e9nez espera que se sigan cumplimentando \u00f3rdenes de aprehensi\u00f3n para otros agresores de otros casos.<\/p>\n\n\n\n<p>Subray\u00f3 que una de las agravantes por las que se qued\u00f3 preso el asesino de Rigo es porque lo mat\u00f3 delante de tres menores de edad.<\/p>\n\n\n\n<p>&#8220;Queremos justicia para Rigo, Rigo no merec\u00eda morir de esa manera, era un cachorro de 8 meses, amad\u00edsimo por su familia, dorm\u00eda en la cama con ellos, era un perro muy amado, pedimos justicia para ellos&#8221;, exigi\u00f3.<\/p>\n\n\n\n<p>Finalmente, dijo que el tiempo que se le otorgue de prisi\u00f3n o la sanci\u00f3n que se le imponga, &#8220;ya es un triunfo&#8221;, porque no han podido ver justicia para otros animalitos.<\/p>\n","protected":false},"excerpt":{"rendered":"<p>Dar\u00edo Pale Xalapa, Ver.- Por primera vez esperan que se hagan justicia ya que el asesino del peque\u00f1o cachorro de 8 meses, al cual le dio muerte hace dos a\u00f1os cinco meses, est\u00e1 preso en Pacho Viejo, as\u00ed lo dio a conocer Araceli Jim\u00e9nez, representante de Maussi Animal. En conferencia de prensa realizada en conocido [&hellip;]<\/p>\n","protected":false},"author":1,"featured_media":16677,"comment_status":"open","ping_status":"open","sticky":false,"template":"","format":"standard","meta":{"_jetpack_memberships_contains_paid_content":false,"footnotes":""},"categories":[3],"tags":[],"class_list":["post-16676","post","type-post","status-publish","format-standard","has-post-thumbnail","hentry","category-xalapa"],"jetpack_featured_media_url":"https:\/\/encuentroinformativo.com.mx\/wp-content\/uploads\/2021\/07\/C77A8C59-76DA-409D-9CF0-D6BCF4CE3C7E.jpeg","jetpack_sharing_enabled":true,"jetpack_likes_enabled":true,"amp_enabled":true,"_links":{"self":[{"href":"https:\/\/encuentroinformativo.com.mx\/index.php?rest_route=\/wp\/v2\/posts\/16676","targetHints":{"allow":["GET"]}}],"collection":[{"href":"https:\/\/encuentroinformativo.com.mx\/index.php?rest_route=\/wp\/v2\/posts"}],"about":[{"href":"https:\/\/encuentroinformativo.com.mx\/index.php?rest_route=\/wp\/v2\/types\/post"}],"author":[{"embeddable":true,"href":"https:\/\/encuentroinformativo.com.mx\/index.php?rest_route=\/wp\/v2\/users\/1"}],"replies":[{"embeddable":true,"href":"https:\/\/encuentroinformativo.com.mx\/index.php?rest_route=%2Fwp%2Fv2%2Fcomments&post=16676"}],"version-history":[{"count":1,"href":"https:\/\/encuentroinformativo.com.mx\/index.php?rest_route=\/wp\/v2\/posts\/16676\/revisions"}],"predecessor-version":[{"id":16678,"href":"https:\/\/encuentroinformativo.com.mx\/index.php?rest_route=\/wp\/v2\/posts\/16676\/revisions\/16678"}],"wp:featuredmedia":[{"embeddable":true,"href":"https:\/\/encuentroinformativo.com.mx\/index.php?rest_route=\/wp\/v2\/media\/16677"}],"wp:attachment":[{"href":"https:\/\/encuentroinformativo.com.mx\/index.php?rest_route=%2Fwp%2Fv2%2Fmedia&parent=16676"}],"wp:term":[{"taxonomy":"category","embeddable":true,"href":"https:\/\/encuentroinformativo.com.mx\/index.php?rest_route=%2Fwp%2Fv2%2Fcategories&post=16676"},{"taxonomy":"post_tag","embeddable":true,"href":"https:\/\/encuentroinformativo.com.mx\/index.php?rest_route=%2Fwp%2Fv2%2Ftags&post=16676"}],"curies":[{"name":"wp","href":"https:\/\/api.w.org\/{rel}","templated":true}]}}