{"id":1668,"date":"2020-04-07T13:21:41","date_gmt":"2020-04-07T18:21:41","guid":{"rendered":"https:\/\/encuentroinformativo.com\/?p=1668"},"modified":"2020-04-07T13:21:43","modified_gmt":"2020-04-07T18:21:43","slug":"pobladores-acusan-saqueo-de-agua-en-reserva-pancho-poza","status":"publish","type":"post","link":"https:\/\/encuentroinformativo.com.mx\/?p=1668","title":{"rendered":"Pobladores acusan saqueo de agua en reserva Pancho Poza"},"content":{"rendered":"\n<p><strong>Dar\u00edo Pale<\/strong> <\/p>\n\n\n\n<p>Xalapa, Ver.- Familias del municipio de Altotonga dieron a conocer que el agua de la reserva &#8220;Pancho Poza&#8221; ha sido saqueada durante las \u00faltimas semanas, lo que ha dejado sin el vital l\u00edquido.<\/p>\n\n\n\n<p>A trav\u00e9s de las redes sociales, ciudadanos y ambientalistas se\u00f1alan al exalcalde de Jalacingo, Roberto Perdomo de acudir con pipas y camionetas para cargarlos de agua, situaci\u00f3n que ha generado el descontento de los lugare\u00f1os.<\/p>\n\n\n\n<p>Aseguran que se trata de un saqueo desmedido porque diariamente son extra\u00eddos miles de litros de la reserva ubicada en la regi\u00f3n monta\u00f1osa del Estado de Veracruz.<\/p>\n\n\n\n<p>En algunas ocasiones ha sido encarado por los vecinos quienes le reclaman y exigen muestre los permisos para tomar el agua de Pancho Poza.<\/p>\n\n\n\n<p>Y tambi\u00e9n por medio de las redes sugieren a las autoridades ambientales revisen estas situaciones y la gravedad del caso porque los afectados son los pobladores de Altotonga quienes se han quedado sin el debido abastecimiento.<\/p>\n\n\n\n<p>Pidieron a la Procuradur\u00eda de Medio Ambiente (PMA) atender el llamado de las familias &#8220;porque en las \u00faltimas fechas Altotonga ha sufrido un desabasto, incluso lleg\u00f3 a la toma de las oficinas de CAEV por la nula respuesta a la falta del vital l\u00edquido&#8221;, refiere el mensaje en las plataformas sociales.<\/p>\n\n\n\n<p><\/p>\n","protected":false},"excerpt":{"rendered":"<p>Dar\u00edo Pale Xalapa, Ver.- Familias del municipio de Altotonga dieron a conocer que el agua de la reserva &#8220;Pancho Poza&#8221; ha sido saqueada durante las \u00faltimas semanas, lo que ha dejado sin el vital l\u00edquido. A trav\u00e9s de las redes sociales, ciudadanos y ambientalistas se\u00f1alan al exalcalde de Jalacingo, Roberto Perdomo de acudir con pipas [&hellip;]<\/p>\n","protected":false},"author":1,"featured_media":1669,"comment_status":"open","ping_status":"open","sticky":false,"template":"","format":"standard","meta":{"_jetpack_memberships_contains_paid_content":false,"footnotes":""},"categories":[8],"tags":[],"class_list":["post-1668","post","type-post","status-publish","format-standard","has-post-thumbnail","hentry","category-region"],"jetpack_featured_media_url":"https:\/\/encuentroinformativo.com.mx\/wp-content\/uploads\/2020\/04\/963E1429-55BD-484B-A0BE-1178BE501D1F.jpeg","jetpack_sharing_enabled":true,"jetpack_likes_enabled":true,"amp_enabled":true,"_links":{"self":[{"href":"https:\/\/encuentroinformativo.com.mx\/index.php?rest_route=\/wp\/v2\/posts\/1668","targetHints":{"allow":["GET"]}}],"collection":[{"href":"https:\/\/encuentroinformativo.com.mx\/index.php?rest_route=\/wp\/v2\/posts"}],"about":[{"href":"https:\/\/encuentroinformativo.com.mx\/index.php?rest_route=\/wp\/v2\/types\/post"}],"author":[{"embeddable":true,"href":"https:\/\/encuentroinformativo.com.mx\/index.php?rest_route=\/wp\/v2\/users\/1"}],"replies":[{"embeddable":true,"href":"https:\/\/encuentroinformativo.com.mx\/index.php?rest_route=%2Fwp%2Fv2%2Fcomments&post=1668"}],"version-history":[{"count":1,"href":"https:\/\/encuentroinformativo.com.mx\/index.php?rest_route=\/wp\/v2\/posts\/1668\/revisions"}],"predecessor-version":[{"id":1670,"href":"https:\/\/encuentroinformativo.com.mx\/index.php?rest_route=\/wp\/v2\/posts\/1668\/revisions\/1670"}],"wp:featuredmedia":[{"embeddable":true,"href":"https:\/\/encuentroinformativo.com.mx\/index.php?rest_route=\/wp\/v2\/media\/1669"}],"wp:attachment":[{"href":"https:\/\/encuentroinformativo.com.mx\/index.php?rest_route=%2Fwp%2Fv2%2Fmedia&parent=1668"}],"wp:term":[{"taxonomy":"category","embeddable":true,"href":"https:\/\/encuentroinformativo.com.mx\/index.php?rest_route=%2Fwp%2Fv2%2Fcategories&post=1668"},{"taxonomy":"post_tag","embeddable":true,"href":"https:\/\/encuentroinformativo.com.mx\/index.php?rest_route=%2Fwp%2Fv2%2Ftags&post=1668"}],"curies":[{"name":"wp","href":"https:\/\/api.w.org\/{rel}","templated":true}]}}