{"id":16685,"date":"2021-07-21T15:03:11","date_gmt":"2021-07-21T20:03:11","guid":{"rendered":"https:\/\/encuentroinformativo.com.mx\/?p=16685"},"modified":"2021-07-21T15:03:20","modified_gmt":"2021-07-21T20:03:20","slug":"sera-voluntario-retorno-a-clases-presenciales-segun-diputado","status":"publish","type":"post","link":"https:\/\/encuentroinformativo.com.mx\/?p=16685","title":{"rendered":"Ser\u00e1 voluntario retorno a clases presenciales, seg\u00fan diputado"},"content":{"rendered":"\n<p><strong>Dar\u00edo Pale<\/strong> <\/p>\n\n\n\n<p>Xalapa, Ver.- Regreso a clases en Veracruz si se har\u00e1 a finales de agosto y ser\u00e1 de forma voluntaria por lo que les toca a los padres decidir si llevan a sus hijos o no a las aulas, as\u00ed lo dio a conocer el diputado local por Morena Le\u00f3n David Jim\u00e9nez Reyes.<\/p>\n\n\n\n<p>En entrevista coment\u00f3 que en Veracruz ya est\u00e1 alist\u00e1ndose para el regreso a clases para finales del mes de agosto, por lo que se realizan y preparar\u00e1n una serie de protocolos que muy pronto se dar\u00e1n a conocer.<\/p>\n\n\n\n<p>El titular de la Comisi\u00f3n Legislativa de Educaci\u00f3n en el Congreso de Veracruz, expuso que ser\u00e1 la Secretar\u00eda de Educaci\u00f3n en Veracruz qui\u00e9n d\u00e9 los pormenores del retorno a clases presenciales durante el ciclo 2021-2022.<\/p>\n\n\n\n<p>\u201cYa est\u00e1 alist\u00e1ndose, yo creo que va a ver una serie de protocolos que ya se dio a conocer para que los ni\u00f1os regresen de la manera m\u00e1s segura, hasta donde yo s\u00e9 si se tiene previsto, no s\u00e9 cuando se d\u00e9 el banderazo o el inicio oficial en el estado, pero si va\u201d, coment\u00f3.<\/p>\n\n\n\n<p>Jim\u00e9nez Reyes expuso si el presidente de la rep\u00fablica, Andr\u00e9s Manuel L\u00f3pez Obrador y el gobernador Cuitl\u00e1huac Garc\u00eda han mencionado que hay condiciones sanitarias as\u00ed ser\u00e1, aunque dej\u00f3 en claro que no se va a obligar a los padres o tutores el llevar a sus hijos e hijas a clases.<\/p>\n\n\n\n<p>\u201cLo dijo el presidente de la rep\u00fablica, los padres decidir\u00e1n si los hijos o hijas entran a los salones, y ah\u00ed tendr\u00e1 que \u00a0establecer protocolos como distancia, el n\u00famero de alumnos que est\u00e9n en los salones, van a ser varias cosas las que tienen que tomar en cuenta\u201d, dijo.<\/p>\n\n\n\n<p>Ante los contagios que se dieron en algunos estados que decidieron implementar un programa piloto de regreso a clases, el legislador de Morena dijo que las autoridades deben de analizar bien el programa de regreso, pero sobre todo que este no sea en grandes masas a fin de respetar las indicaciones sanitarias para evitar contagios de COVID entre los menores.<\/p>\n\n\n\n<p>\u201cCon las medidas sanitarias se tendr\u00eda que revisar esa situaci\u00f3n, con que los ni\u00f1os no regresen en masas a las aulas, tiene que ser en orden y con las medidas preventivas, y digo, esto ser\u00eda voluntario\u201d, finaliz\u00f3.<\/p>\n","protected":false},"excerpt":{"rendered":"<p>Dar\u00edo Pale Xalapa, Ver.- Regreso a clases en Veracruz si se har\u00e1 a finales de agosto y ser\u00e1 de forma voluntaria por lo que les toca a los padres decidir si llevan a sus hijos o no a las aulas, as\u00ed lo dio a conocer el diputado local por Morena Le\u00f3n David Jim\u00e9nez Reyes. En [&hellip;]<\/p>\n","protected":false},"author":1,"featured_media":16686,"comment_status":"open","ping_status":"open","sticky":false,"template":"","format":"standard","meta":{"_jetpack_memberships_contains_paid_content":false,"footnotes":""},"categories":[2],"tags":[],"class_list":["post-16685","post","type-post","status-publish","format-standard","has-post-thumbnail","hentry","category-estado"],"jetpack_featured_media_url":"https:\/\/encuentroinformativo.com.mx\/wp-content\/uploads\/2021\/07\/FBC8F8FF-9D10-4E71-97C7-6CD01BFF4B00.jpeg","jetpack_sharing_enabled":true,"jetpack_likes_enabled":true,"amp_enabled":true,"_links":{"self":[{"href":"https:\/\/encuentroinformativo.com.mx\/index.php?rest_route=\/wp\/v2\/posts\/16685","targetHints":{"allow":["GET"]}}],"collection":[{"href":"https:\/\/encuentroinformativo.com.mx\/index.php?rest_route=\/wp\/v2\/posts"}],"about":[{"href":"https:\/\/encuentroinformativo.com.mx\/index.php?rest_route=\/wp\/v2\/types\/post"}],"author":[{"embeddable":true,"href":"https:\/\/encuentroinformativo.com.mx\/index.php?rest_route=\/wp\/v2\/users\/1"}],"replies":[{"embeddable":true,"href":"https:\/\/encuentroinformativo.com.mx\/index.php?rest_route=%2Fwp%2Fv2%2Fcomments&post=16685"}],"version-history":[{"count":1,"href":"https:\/\/encuentroinformativo.com.mx\/index.php?rest_route=\/wp\/v2\/posts\/16685\/revisions"}],"predecessor-version":[{"id":16687,"href":"https:\/\/encuentroinformativo.com.mx\/index.php?rest_route=\/wp\/v2\/posts\/16685\/revisions\/16687"}],"wp:featuredmedia":[{"embeddable":true,"href":"https:\/\/encuentroinformativo.com.mx\/index.php?rest_route=\/wp\/v2\/media\/16686"}],"wp:attachment":[{"href":"https:\/\/encuentroinformativo.com.mx\/index.php?rest_route=%2Fwp%2Fv2%2Fmedia&parent=16685"}],"wp:term":[{"taxonomy":"category","embeddable":true,"href":"https:\/\/encuentroinformativo.com.mx\/index.php?rest_route=%2Fwp%2Fv2%2Fcategories&post=16685"},{"taxonomy":"post_tag","embeddable":true,"href":"https:\/\/encuentroinformativo.com.mx\/index.php?rest_route=%2Fwp%2Fv2%2Ftags&post=16685"}],"curies":[{"name":"wp","href":"https:\/\/api.w.org\/{rel}","templated":true}]}}