{"id":16694,"date":"2021-07-22T12:26:44","date_gmt":"2021-07-22T17:26:44","guid":{"rendered":"https:\/\/encuentroinformativo.com.mx\/?p=16694"},"modified":"2021-07-22T12:26:49","modified_gmt":"2021-07-22T17:26:49","slug":"por-adeudos-dejan-sin-luz-al-ayuntamiento-de-alvarado","status":"publish","type":"post","link":"https:\/\/encuentroinformativo.com.mx\/?p=16694","title":{"rendered":"Por adeudos, dejan sin luz al Ayuntamiento de Alvarado"},"content":{"rendered":"\n<p><strong>Alejandro \u00c1vila<\/strong><\/p>\n\n\n\n<p>Alvarado, Ver. \u2013 Empleados del Ayuntamiento de Alvarado, tomaron las oficinas de la Comisi\u00f3n Federal de Electricidad (CFE) debido a la falta de energ\u00eda el\u00e9ctrica en el Palacio Municipal, y ante lo cual alegan, no pueden continuar con sus labores diarias.<\/p>\n\n\n\n<p>El corte de energ\u00eda el\u00e9ctrica al Palacio y otros recintos municipales ya se ven\u00eda dando desde hace algunas semanas, pero ante la promesa de pago del alcalde Bogar Ruiz Rosas, la CFE volv\u00eda a conectar la luz; fue hasta hace un par de d\u00edas que tras sumar cerca de 2 millones de pesos de deuda y no llegar a un arreglo que dejara conforme a ambas partes, se decidi\u00f3 suspender de manera definitiva el suministro de energ\u00eda.<\/p>\n\n\n\n<p>\u201cExigen que se les restituya la conexi\u00f3n de luz el\u00e9ctrica al Palacio Municipal para poder laborar normalmente. Pero hay antecedentes de que el Ayuntamiento solo se ha comprometido a pagar en parcialidades, por lo tanto, ha incumplido, y la Comisi\u00f3n Federal se llev\u00f3 los fusibles, las famosas cuchillas, y entonces Bogar a trav\u00e9s de su sequito de empleados de confianza, que si no hacen presi\u00f3n en la Comisi\u00f3n los iba a correr, ah\u00ed tomaron el plant\u00f3n en la CFE\u201d, relat\u00f3 un empleado municipal.<\/p>\n\n\n\n<p>Es de recordar que el pasado 17 de junio, fueron despedidos 500 empleados del Ayuntamiento de Alvarado por presuntos problemas econ\u00f3micos. Estos ex colaboradores, que no fueron liquidados conforme a la ley, preparan una demanda colectiva en contra del Ayuntamiento de Alvarado.<\/p>\n\n\n\n<p>A este inconveniente, se le pueden sumar pago a proveedores y otras deudas que tendr\u00e1 que liquidar la actual administraci\u00f3n en el cierre de su gesti\u00f3n; o en su defecto, la nueva presidencia municipal, que estar\u00e1 a cargo de la tambi\u00e9n verde-ecologista, Lizzete \u00c1lvarez Vera.<br>\u00a0<\/p>\n","protected":false},"excerpt":{"rendered":"<p>Alejandro \u00c1vila Alvarado, Ver. \u2013 Empleados del Ayuntamiento de Alvarado, tomaron las oficinas de la Comisi\u00f3n Federal de Electricidad (CFE) debido a la falta de energ\u00eda el\u00e9ctrica en el Palacio Municipal, y ante lo cual alegan, no pueden continuar con sus labores diarias. El corte de energ\u00eda el\u00e9ctrica al Palacio y otros recintos municipales ya [&hellip;]<\/p>\n","protected":false},"author":1,"featured_media":16695,"comment_status":"open","ping_status":"open","sticky":false,"template":"","format":"standard","meta":{"_jetpack_memberships_contains_paid_content":false,"footnotes":""},"categories":[2],"tags":[],"class_list":["post-16694","post","type-post","status-publish","format-standard","has-post-thumbnail","hentry","category-estado"],"jetpack_featured_media_url":"https:\/\/encuentroinformativo.com.mx\/wp-content\/uploads\/2021\/07\/A0B0D737-7599-443C-91E8-ACDD2F476C04.jpeg","jetpack_sharing_enabled":true,"jetpack_likes_enabled":true,"amp_enabled":true,"_links":{"self":[{"href":"https:\/\/encuentroinformativo.com.mx\/index.php?rest_route=\/wp\/v2\/posts\/16694","targetHints":{"allow":["GET"]}}],"collection":[{"href":"https:\/\/encuentroinformativo.com.mx\/index.php?rest_route=\/wp\/v2\/posts"}],"about":[{"href":"https:\/\/encuentroinformativo.com.mx\/index.php?rest_route=\/wp\/v2\/types\/post"}],"author":[{"embeddable":true,"href":"https:\/\/encuentroinformativo.com.mx\/index.php?rest_route=\/wp\/v2\/users\/1"}],"replies":[{"embeddable":true,"href":"https:\/\/encuentroinformativo.com.mx\/index.php?rest_route=%2Fwp%2Fv2%2Fcomments&post=16694"}],"version-history":[{"count":1,"href":"https:\/\/encuentroinformativo.com.mx\/index.php?rest_route=\/wp\/v2\/posts\/16694\/revisions"}],"predecessor-version":[{"id":16696,"href":"https:\/\/encuentroinformativo.com.mx\/index.php?rest_route=\/wp\/v2\/posts\/16694\/revisions\/16696"}],"wp:featuredmedia":[{"embeddable":true,"href":"https:\/\/encuentroinformativo.com.mx\/index.php?rest_route=\/wp\/v2\/media\/16695"}],"wp:attachment":[{"href":"https:\/\/encuentroinformativo.com.mx\/index.php?rest_route=%2Fwp%2Fv2%2Fmedia&parent=16694"}],"wp:term":[{"taxonomy":"category","embeddable":true,"href":"https:\/\/encuentroinformativo.com.mx\/index.php?rest_route=%2Fwp%2Fv2%2Fcategories&post=16694"},{"taxonomy":"post_tag","embeddable":true,"href":"https:\/\/encuentroinformativo.com.mx\/index.php?rest_route=%2Fwp%2Fv2%2Ftags&post=16694"}],"curies":[{"name":"wp","href":"https:\/\/api.w.org\/{rel}","templated":true}]}}