{"id":1671,"date":"2020-04-07T13:27:21","date_gmt":"2020-04-07T18:27:21","guid":{"rendered":"https:\/\/encuentroinformativo.com\/?p=1671"},"modified":"2020-04-07T13:27:24","modified_gmt":"2020-04-07T18:27:24","slug":"impediran-ingreso-de-adultos-mayores-en-mercado-de-coatepec","status":"publish","type":"post","link":"https:\/\/encuentroinformativo.com.mx\/?p=1671","title":{"rendered":"Impedir\u00e1n ingreso de adultos mayores en Mercado de Coatepec"},"content":{"rendered":"\n<p><strong>Juan Arcos<\/strong><\/p>\n\n\n\n<p>Coatepec, Ver.- Se impedir\u00e1 el ingreso de adultos mayores y ni\u00f1os al mercado \u201cMiguel Rebolledo\u201d de Coatepec, para evitar un posible contagio de coronavirus.<\/p>\n\n\n\n<p>As\u00ed lo dio a conocer el regidor tercero Jorge Ignacio Luna Hern\u00e1ndez, quien adem\u00e1s record\u00f3 que s\u00f3lo permanecer\u00edan habilitados cuatro accesos al recinto comercial.<\/p>\n\n\n\n<p>Adem\u00e1s, se instalar\u00edan mesas en cada entrada para proporcionar gel antibacterial y exhortar a la poblaci\u00f3n a que respete la \u201cSana distancia\u201d, de metro y medio.<\/p>\n\n\n\n<p>\u201cEstamos exhortando a la ciudadan\u00eda a que acate todas esta disposiciones, sabemos que es complicado pero hay que ser conscientes\u201d.<\/p>\n\n\n\n<p>El titular de la Comisi\u00f3n de Comercio enfatiz\u00f3 que dichas medidas preventivas ser\u00edan aplicadas de manera temporal, a partir del pasado 30 de marzo y hasta que el Gobierno Federal emita recomendaciones distintas a las que actualmente prevalecen.<\/p>\n\n\n\n<p>\u201cEstas medidas que se est\u00e1n previendo son para evitar contagios para que la curva ascendente de contagios de coronavirus no siga subiendo, sino mantenerla, de manera que no se vuelva una situaci\u00f3n incontrolable en nuestro municipio y en nuestro pa\u00eds\u201d.<\/p>\n\n\n\n<p>En ese sentido, Luna Hern\u00e1ndez pidi\u00f3 a las familias de Coatepec que se queden en casa para evitar que el problema siga creciendo.<\/p>\n\n\n\n<p>\u201cTenemos que hacer conciencia, tenemos que quedarnos en casa ya, por nuestras familias, por nuestros hijos, por nuestro municipio\u201d, expres\u00f3 el regidor tercero de Coatepec.<\/p>\n\n\n\n<p><\/p>\n\n\n\n<p><\/p>\n","protected":false},"excerpt":{"rendered":"<p>Juan Arcos Coatepec, Ver.- Se impedir\u00e1 el ingreso de adultos mayores y ni\u00f1os al mercado \u201cMiguel Rebolledo\u201d de Coatepec, para evitar un posible contagio de coronavirus. As\u00ed lo dio a conocer el regidor tercero Jorge Ignacio Luna Hern\u00e1ndez, quien adem\u00e1s record\u00f3 que s\u00f3lo permanecer\u00edan habilitados cuatro accesos al recinto comercial. Adem\u00e1s, se instalar\u00edan mesas en [&hellip;]<\/p>\n","protected":false},"author":1,"featured_media":1672,"comment_status":"open","ping_status":"open","sticky":false,"template":"","format":"standard","meta":{"_jetpack_memberships_contains_paid_content":false,"footnotes":""},"categories":[8],"tags":[],"class_list":["post-1671","post","type-post","status-publish","format-standard","has-post-thumbnail","hentry","category-region"],"jetpack_featured_media_url":"https:\/\/encuentroinformativo.com.mx\/wp-content\/uploads\/2020\/04\/471109EE-E8A3-434B-A21F-CC93C8028EA2.jpeg","jetpack_sharing_enabled":true,"jetpack_likes_enabled":true,"amp_enabled":true,"_links":{"self":[{"href":"https:\/\/encuentroinformativo.com.mx\/index.php?rest_route=\/wp\/v2\/posts\/1671","targetHints":{"allow":["GET"]}}],"collection":[{"href":"https:\/\/encuentroinformativo.com.mx\/index.php?rest_route=\/wp\/v2\/posts"}],"about":[{"href":"https:\/\/encuentroinformativo.com.mx\/index.php?rest_route=\/wp\/v2\/types\/post"}],"author":[{"embeddable":true,"href":"https:\/\/encuentroinformativo.com.mx\/index.php?rest_route=\/wp\/v2\/users\/1"}],"replies":[{"embeddable":true,"href":"https:\/\/encuentroinformativo.com.mx\/index.php?rest_route=%2Fwp%2Fv2%2Fcomments&post=1671"}],"version-history":[{"count":1,"href":"https:\/\/encuentroinformativo.com.mx\/index.php?rest_route=\/wp\/v2\/posts\/1671\/revisions"}],"predecessor-version":[{"id":1673,"href":"https:\/\/encuentroinformativo.com.mx\/index.php?rest_route=\/wp\/v2\/posts\/1671\/revisions\/1673"}],"wp:featuredmedia":[{"embeddable":true,"href":"https:\/\/encuentroinformativo.com.mx\/index.php?rest_route=\/wp\/v2\/media\/1672"}],"wp:attachment":[{"href":"https:\/\/encuentroinformativo.com.mx\/index.php?rest_route=%2Fwp%2Fv2%2Fmedia&parent=1671"}],"wp:term":[{"taxonomy":"category","embeddable":true,"href":"https:\/\/encuentroinformativo.com.mx\/index.php?rest_route=%2Fwp%2Fv2%2Fcategories&post=1671"},{"taxonomy":"post_tag","embeddable":true,"href":"https:\/\/encuentroinformativo.com.mx\/index.php?rest_route=%2Fwp%2Fv2%2Ftags&post=1671"}],"curies":[{"name":"wp","href":"https:\/\/api.w.org\/{rel}","templated":true}]}}