{"id":16713,"date":"2021-07-22T14:49:49","date_gmt":"2021-07-22T19:49:49","guid":{"rendered":"https:\/\/encuentroinformativo.com.mx\/?p=16713"},"modified":"2021-07-22T14:49:59","modified_gmt":"2021-07-22T19:49:59","slug":"alcalde-de-alvarado-acusa-abuso-de-autoridad-de-cfe","status":"publish","type":"post","link":"https:\/\/encuentroinformativo.com.mx\/?p=16713","title":{"rendered":"Alcalde de Alvarado acusa abuso de autoridad de CFE"},"content":{"rendered":"\n<p><strong>Alejandro \u00c1vila<\/strong><\/p>\n\n\n\n<p>Alvarado, Ver.- Los cortes de energ\u00eda el\u00e9ctrica en el Palacio Municipal y otros puntos del municipio, son un acto de abuso de autoridad, acus\u00f3 el alcalde Bogar Ruiz Rosas, quien asegura les pretenden cobrar una deuda de administraciones anteriores.<\/p>\n\n\n\n<p>El edil mencion\u00f3 que la falta de luz no ya sido unicamente en los recintos municipales, pues a toda la calle del Palacio tambi\u00e9n le fue cortada la energ\u00eda el\u00e9ctrica; adem\u00e1s, record\u00f3 que desde hace 3 semanas ha habido constantes quejas de vecinos de la Riviera Veracruzana por falta de luz.<\/p>\n\n\n\n<p>&#8220;Estamos inconformes porque se nos acusa de una deuda que data desde el 2013, cuando estaba la presidenta Sarita, y tambi\u00e9n de Octavio Ruiz Barroso, y bueno a nosotros no nos consta que haya ese adeudo. Nosotros no hemos dejado de pagar, hemos pagado constantemente desde que entramos&#8221;, puntualiz\u00f3.<\/p>\n\n\n\n<p>Ruiz Rosas expuso que la Comisi\u00f3n Federal de Electricidad (CFE) debe cambiar los transformadores en el municipio, pues muchos de ellos ya son obsoletos ante el creciente n\u00famero de habitantes en diversas zonas, por lo que esto genera el constante desabasto de luz en las colonias m\u00e1s pobladas; aunque de eso no hay soluci\u00f3n ante las quejas de la ciudadan\u00eda.<\/p>\n\n\n\n<p>Finalmente, sobre la presunta deuda de 2 millones 300 mil pesos que tiene el municipio de Alvarado, asegur\u00f3 que ellos ya han demostrado con fotograf\u00edas y documentos, que varios de los puntos que pretenden cobrar, pertenecen a los municipios de Medell\u00edn de Bravo o Boca del R\u00edo.<\/p>\n","protected":false},"excerpt":{"rendered":"<p>Alejandro \u00c1vila Alvarado, Ver.- Los cortes de energ\u00eda el\u00e9ctrica en el Palacio Municipal y otros puntos del municipio, son un acto de abuso de autoridad, acus\u00f3 el alcalde Bogar Ruiz Rosas, quien asegura les pretenden cobrar una deuda de administraciones anteriores. El edil mencion\u00f3 que la falta de luz no ya sido unicamente en los [&hellip;]<\/p>\n","protected":false},"author":1,"featured_media":16714,"comment_status":"open","ping_status":"open","sticky":false,"template":"","format":"standard","meta":{"_jetpack_memberships_contains_paid_content":false,"footnotes":""},"categories":[2],"tags":[],"class_list":["post-16713","post","type-post","status-publish","format-standard","has-post-thumbnail","hentry","category-estado"],"jetpack_featured_media_url":"https:\/\/encuentroinformativo.com.mx\/wp-content\/uploads\/2021\/07\/EAC5AFF0-62CC-440B-88D6-9EB6745C0B9E.jpeg","jetpack_sharing_enabled":true,"jetpack_likes_enabled":true,"amp_enabled":true,"_links":{"self":[{"href":"https:\/\/encuentroinformativo.com.mx\/index.php?rest_route=\/wp\/v2\/posts\/16713","targetHints":{"allow":["GET"]}}],"collection":[{"href":"https:\/\/encuentroinformativo.com.mx\/index.php?rest_route=\/wp\/v2\/posts"}],"about":[{"href":"https:\/\/encuentroinformativo.com.mx\/index.php?rest_route=\/wp\/v2\/types\/post"}],"author":[{"embeddable":true,"href":"https:\/\/encuentroinformativo.com.mx\/index.php?rest_route=\/wp\/v2\/users\/1"}],"replies":[{"embeddable":true,"href":"https:\/\/encuentroinformativo.com.mx\/index.php?rest_route=%2Fwp%2Fv2%2Fcomments&post=16713"}],"version-history":[{"count":1,"href":"https:\/\/encuentroinformativo.com.mx\/index.php?rest_route=\/wp\/v2\/posts\/16713\/revisions"}],"predecessor-version":[{"id":16715,"href":"https:\/\/encuentroinformativo.com.mx\/index.php?rest_route=\/wp\/v2\/posts\/16713\/revisions\/16715"}],"wp:featuredmedia":[{"embeddable":true,"href":"https:\/\/encuentroinformativo.com.mx\/index.php?rest_route=\/wp\/v2\/media\/16714"}],"wp:attachment":[{"href":"https:\/\/encuentroinformativo.com.mx\/index.php?rest_route=%2Fwp%2Fv2%2Fmedia&parent=16713"}],"wp:term":[{"taxonomy":"category","embeddable":true,"href":"https:\/\/encuentroinformativo.com.mx\/index.php?rest_route=%2Fwp%2Fv2%2Fcategories&post=16713"},{"taxonomy":"post_tag","embeddable":true,"href":"https:\/\/encuentroinformativo.com.mx\/index.php?rest_route=%2Fwp%2Fv2%2Ftags&post=16713"}],"curies":[{"name":"wp","href":"https:\/\/api.w.org\/{rel}","templated":true}]}}