{"id":16716,"date":"2021-07-22T15:07:20","date_gmt":"2021-07-22T20:07:20","guid":{"rendered":"https:\/\/encuentroinformativo.com.mx\/?p=16716"},"modified":"2021-07-22T15:07:29","modified_gmt":"2021-07-22T20:07:29","slug":"promueve-frena-jornada-de-solidaridad-a-favor-de-cuba","status":"publish","type":"post","link":"https:\/\/encuentroinformativo.com.mx\/?p=16716","title":{"rendered":"Promueve FRENA jornada de solidaridad a favor de Cuba"},"content":{"rendered":"\n<p><strong>Dar\u00edo Pale<\/strong><\/p>\n\n\n\n<p>Xalapa, Ver.- El Frente Nacional Ciudadano (FRENA) en el Estado de Veracruz convoca a toda la poblaci\u00f3n para que participe en nuestra jornada pac\u00edfica del domingo 25 a las 10:00 horas donde se unir\u00e1n en solidaridad al SOS de Cuba.<\/p>\n\n\n\n<p>En conferencia de prensa realizada en conocido caf\u00e9 del centro de Xalapa, dieron a conocer que el punto de reuni\u00f3n ser\u00e1 en la Plaza de la Soberan\u00eda, m\u00e1s conocida como Asta Bandera, ubicada en el Boulevard \u00c1vila Camacho, esquina Sim\u00f3n Bol\u00edvar, enel puerto de Veracruz.<\/p>\n\n\n\n<p>Se\u00f1alaron que FRENA se une en solidaridad con el SOS de Cuba; que se convierte a la vez en un SOS M\u00e9xico, SOS ni\u00f1os con c\u00e1ncer, SOS Aguililla, SOS Chiapas, &#8220;lanzaremos una ofrenda floral al mar, como tributo a los hermanos cubanos que lamentablemente han perdido la vida en el mar, en su intento por huir de un r\u00e9gimen criminal que tiene sometido a su pa\u00eds, hace ya \u00a162 a\u00f1os!&#8221;.<\/p>\n\n\n\n<p>Solicitaron que quienes quieran participar asistan con tu banderas, pancartas, silbatos y todos los instrumentos que los ayudan a lograr la visibilidad que requieren para que cada d\u00eda m\u00e1s ciudadanos se sumen a ese movimiento pac\u00edfico y apartidista que lo \u00fanico que busca es la Libertad del pueblo.<\/p>\n\n\n\n<p>&#8220;Invitamos a todos los hermanos cubanos residentes en el Estado de Veracruz, para que vengan a manifestarse con nosotros en defensa de la Patria y Libertad de sus amigos y familiares que permanecen atrapados en la Isla, FRENA se solidariza con el pueblo de Cuba, NO con el r\u00e9gimen, NO con esos dictadores, NO con esos asesinos&#8221;, se\u00f1alaron.<\/p>\n\n\n\n<p>Dijeron que estan seguros de que pronto caer\u00e1n todas las estatuas e im\u00e1genes de los \u00a0dictadores latinoamericanos, que tanto da\u00f1o han hecho a nuestros pueblos con esos experimentos fracasados, que solamente los enriquecen a ellos y a su familia.<\/p>\n\n\n\n<p>&#8220;Durante los d\u00edas s\u00e1bado 24 y domingo 25, FRENA estar\u00e1 realizando caravanas m\u00f3viles a lo largo y ancho del territorio nacional; as\u00ed como en el extranjero, donde hay ciudadanos mexicanos que luchan cada d\u00eda por heredar un mejor pa\u00eds a las futuras generaciones&#8221;, comentaron.<\/p>\n\n\n\n<p>Dieron a conocer que quiene no tienen la informaci\u00f3n de su ciudad, pueden enviar un mensaje de <em>WhatsApp<\/em> para que se notan en contacto con sus respectivos comit\u00e9s y con el Comit\u00e9 Rector Estatal de FRENA en Veracruz, a los numero n\u00fameros, Puerto de Veracruz \u202a229 126 8235\u202c Boca del R\u00edo \u202a55 7477 5958\u202c, C\u00f3rdoba \u202a271 109 0222\u202c y Xalapa \u202a228 835 8172\u202c.<\/p>\n","protected":false},"excerpt":{"rendered":"<p>Dar\u00edo Pale Xalapa, Ver.- El Frente Nacional Ciudadano (FRENA) en el Estado de Veracruz convoca a toda la poblaci\u00f3n para que participe en nuestra jornada pac\u00edfica del domingo 25 a las 10:00 horas donde se unir\u00e1n en solidaridad al SOS de Cuba. En conferencia de prensa realizada en conocido caf\u00e9 del centro de Xalapa, dieron [&hellip;]<\/p>\n","protected":false},"author":1,"featured_media":16717,"comment_status":"open","ping_status":"open","sticky":false,"template":"","format":"standard","meta":{"_jetpack_memberships_contains_paid_content":false,"footnotes":""},"categories":[3],"tags":[],"class_list":["post-16716","post","type-post","status-publish","format-standard","has-post-thumbnail","hentry","category-xalapa"],"jetpack_featured_media_url":"https:\/\/encuentroinformativo.com.mx\/wp-content\/uploads\/2021\/07\/285898A6-128B-49EB-B397-E1B42C568C79.jpeg","jetpack_sharing_enabled":true,"jetpack_likes_enabled":true,"amp_enabled":true,"_links":{"self":[{"href":"https:\/\/encuentroinformativo.com.mx\/index.php?rest_route=\/wp\/v2\/posts\/16716","targetHints":{"allow":["GET"]}}],"collection":[{"href":"https:\/\/encuentroinformativo.com.mx\/index.php?rest_route=\/wp\/v2\/posts"}],"about":[{"href":"https:\/\/encuentroinformativo.com.mx\/index.php?rest_route=\/wp\/v2\/types\/post"}],"author":[{"embeddable":true,"href":"https:\/\/encuentroinformativo.com.mx\/index.php?rest_route=\/wp\/v2\/users\/1"}],"replies":[{"embeddable":true,"href":"https:\/\/encuentroinformativo.com.mx\/index.php?rest_route=%2Fwp%2Fv2%2Fcomments&post=16716"}],"version-history":[{"count":1,"href":"https:\/\/encuentroinformativo.com.mx\/index.php?rest_route=\/wp\/v2\/posts\/16716\/revisions"}],"predecessor-version":[{"id":16718,"href":"https:\/\/encuentroinformativo.com.mx\/index.php?rest_route=\/wp\/v2\/posts\/16716\/revisions\/16718"}],"wp:featuredmedia":[{"embeddable":true,"href":"https:\/\/encuentroinformativo.com.mx\/index.php?rest_route=\/wp\/v2\/media\/16717"}],"wp:attachment":[{"href":"https:\/\/encuentroinformativo.com.mx\/index.php?rest_route=%2Fwp%2Fv2%2Fmedia&parent=16716"}],"wp:term":[{"taxonomy":"category","embeddable":true,"href":"https:\/\/encuentroinformativo.com.mx\/index.php?rest_route=%2Fwp%2Fv2%2Fcategories&post=16716"},{"taxonomy":"post_tag","embeddable":true,"href":"https:\/\/encuentroinformativo.com.mx\/index.php?rest_route=%2Fwp%2Fv2%2Ftags&post=16716"}],"curies":[{"name":"wp","href":"https:\/\/api.w.org\/{rel}","templated":true}]}}