{"id":16719,"date":"2021-07-22T15:17:17","date_gmt":"2021-07-22T20:17:17","guid":{"rendered":"https:\/\/encuentroinformativo.com.mx\/?p=16719"},"modified":"2021-07-22T15:17:21","modified_gmt":"2021-07-22T20:17:21","slug":"inicia-cargamento-de-buques-mexicanos-con-ayuda-humanitaria-para-cuba","status":"publish","type":"post","link":"https:\/\/encuentroinformativo.com.mx\/?p=16719","title":{"rendered":"Inicia cargamento de buques mexicanos con ayuda humanitaria para Cuba"},"content":{"rendered":"\n<p><strong>Alejandro \u00c1vila<\/strong><\/p>\n\n\n\n<p><strong>Fotos<\/strong>: V\u00edctor Y\u00e1\u00f1ez\/Cortes\u00eda <\/p>\n\n\n\n<p>Veracruz, Ver.- Este jueves por la ma\u00f1ana lleg\u00f3 a Veracruz puerto el cargamento de ayuda humanitaria que ser\u00e1 trasladado a Cuba a partir del pr\u00f3ximo s\u00e1bado.<\/p>\n\n\n\n<p>Se estima que tan solo hoy, ser\u00e1 130 tr\u00e1ileres los que descarguen en la Marina de Veracruz. Debido a ello, se ejecut\u00f3 un operativo vial, donde se cerraron algunas calles de la ciudad, durante el paso del convoy.<\/p>\n\n\n\n<p>Por este d\u00eda y quiz\u00e1 hasta el pr\u00f3ximo s\u00e1bado, los comerciantes de la macro plaza del malec\u00f3n fueron reubicados sobre el bulevar &#8220;Manuel Avila Camacho&#8221;.<\/p>\n\n\n\n<p>Todo el cargamento lleg\u00f3 v\u00eda aerea a la base aeronaval de Las Bajadas, la cual est\u00e1 a cargo de la Secretar\u00eda de Marina Armada de M\u00e9xico, posteriormente fue transportada v\u00eda terrestre al muelle.<\/p>\n\n\n\n<p>Son 138 tr\u00e1iler que se utilizar\u00e1n para el transporte de la ayuda humanitaria que enviar\u00e1 M\u00e9xico a Cuba; siendo los elementos de la Marina los realicen el proceso de carga de la ayuda humanitaria que M\u00e9xico enviar\u00e1 a Cuba.<\/p>\n\n\n\n<p>En el muelle de la SEMAR se encuentran atracadas varias embarcaciones, entre ellas el buque Papaloapan que entr\u00f3 poco antes de las 14:00 horas y que ha sido empleado en otras misiones de env\u00edo de ayuda humanitaria por parte de Mexico a otros pa\u00edses, como se hizo para Hait\u00ed en 2010, cuando se vieron afectados por un sismo.<\/p>\n\n\n\n<figure class=\"wp-block-image size-large\"><img loading=\"lazy\" decoding=\"async\" width=\"1024\" height=\"682\" src=\"https:\/\/encuentroinformativo.com.mx\/wp-content\/uploads\/2021\/07\/046A9A54-2ECC-454D-AF5A-DDC299F3D741-1024x682.jpeg\" alt=\"\" class=\"wp-image-16721\" srcset=\"https:\/\/encuentroinformativo.com.mx\/wp-content\/uploads\/2021\/07\/046A9A54-2ECC-454D-AF5A-DDC299F3D741-1024x682.jpeg 1024w, https:\/\/encuentroinformativo.com.mx\/wp-content\/uploads\/2021\/07\/046A9A54-2ECC-454D-AF5A-DDC299F3D741-300x200.jpeg 300w, https:\/\/encuentroinformativo.com.mx\/wp-content\/uploads\/2021\/07\/046A9A54-2ECC-454D-AF5A-DDC299F3D741-768x512.jpeg 768w, https:\/\/encuentroinformativo.com.mx\/wp-content\/uploads\/2021\/07\/046A9A54-2ECC-454D-AF5A-DDC299F3D741.jpeg 1280w\" sizes=\"auto, (max-width: 1024px) 100vw, 1024px\" \/><\/figure>\n","protected":false},"excerpt":{"rendered":"<p>Alejandro \u00c1vila Fotos: V\u00edctor Y\u00e1\u00f1ez\/Cortes\u00eda Veracruz, Ver.- Este jueves por la ma\u00f1ana lleg\u00f3 a Veracruz puerto el cargamento de ayuda humanitaria que ser\u00e1 trasladado a Cuba a partir del pr\u00f3ximo s\u00e1bado. Se estima que tan solo hoy, ser\u00e1 130 tr\u00e1ileres los que descarguen en la Marina de Veracruz. Debido a ello, se ejecut\u00f3 un operativo [&hellip;]<\/p>\n","protected":false},"author":1,"featured_media":16720,"comment_status":"open","ping_status":"open","sticky":false,"template":"","format":"standard","meta":{"_jetpack_memberships_contains_paid_content":false,"footnotes":""},"categories":[2],"tags":[],"class_list":["post-16719","post","type-post","status-publish","format-standard","has-post-thumbnail","hentry","category-estado"],"jetpack_featured_media_url":"https:\/\/encuentroinformativo.com.mx\/wp-content\/uploads\/2021\/07\/0687A8AD-407A-477C-A589-6EA420890B48.jpeg","jetpack_sharing_enabled":true,"jetpack_likes_enabled":true,"amp_enabled":true,"_links":{"self":[{"href":"https:\/\/encuentroinformativo.com.mx\/index.php?rest_route=\/wp\/v2\/posts\/16719","targetHints":{"allow":["GET"]}}],"collection":[{"href":"https:\/\/encuentroinformativo.com.mx\/index.php?rest_route=\/wp\/v2\/posts"}],"about":[{"href":"https:\/\/encuentroinformativo.com.mx\/index.php?rest_route=\/wp\/v2\/types\/post"}],"author":[{"embeddable":true,"href":"https:\/\/encuentroinformativo.com.mx\/index.php?rest_route=\/wp\/v2\/users\/1"}],"replies":[{"embeddable":true,"href":"https:\/\/encuentroinformativo.com.mx\/index.php?rest_route=%2Fwp%2Fv2%2Fcomments&post=16719"}],"version-history":[{"count":1,"href":"https:\/\/encuentroinformativo.com.mx\/index.php?rest_route=\/wp\/v2\/posts\/16719\/revisions"}],"predecessor-version":[{"id":16722,"href":"https:\/\/encuentroinformativo.com.mx\/index.php?rest_route=\/wp\/v2\/posts\/16719\/revisions\/16722"}],"wp:featuredmedia":[{"embeddable":true,"href":"https:\/\/encuentroinformativo.com.mx\/index.php?rest_route=\/wp\/v2\/media\/16720"}],"wp:attachment":[{"href":"https:\/\/encuentroinformativo.com.mx\/index.php?rest_route=%2Fwp%2Fv2%2Fmedia&parent=16719"}],"wp:term":[{"taxonomy":"category","embeddable":true,"href":"https:\/\/encuentroinformativo.com.mx\/index.php?rest_route=%2Fwp%2Fv2%2Fcategories&post=16719"},{"taxonomy":"post_tag","embeddable":true,"href":"https:\/\/encuentroinformativo.com.mx\/index.php?rest_route=%2Fwp%2Fv2%2Ftags&post=16719"}],"curies":[{"name":"wp","href":"https:\/\/api.w.org\/{rel}","templated":true}]}}