{"id":16723,"date":"2021-07-22T17:37:23","date_gmt":"2021-07-22T22:37:23","guid":{"rendered":"https:\/\/encuentroinformativo.com.mx\/?p=16723"},"modified":"2021-07-22T17:37:27","modified_gmt":"2021-07-22T22:37:27","slug":"asesinan-a-punaladas-a-mujer-en-medellin-de-bravo","status":"publish","type":"post","link":"https:\/\/encuentroinformativo.com.mx\/?p=16723","title":{"rendered":"Asesinan a pu\u00f1aladas a mujer en Medell\u00edn de Bravo"},"content":{"rendered":"\n<p><strong>Alejandro \u00c1vila<\/strong><\/p>\n\n\n\n<p><strong>Fotos<\/strong>: Sergio Aldazabal\/Cortes\u00eda <\/p>\n\n\n\n<p>Medell\u00edn, Ver.- Este mi\u00e9rcoles  por la tarde, una joven le arrebat\u00f3 la vida a pu\u00f1aladas a otra mujer, por presuntas diferencias, los hechos ocurrieron en la colonia Ixcoalco del municipio de Medell\u00edn de Bravo.<\/p>\n\n\n\n<p>Los vecinos fueron los que alertaron a los cuerpos policiacos de la probable agresi\u00f3n en la calle Ixcoalco casi esquina Paseo Jamapa Oriente, ante lo cual se gener\u00f3 la movilizaci\u00f3n.<\/p>\n\n\n\n<p>Al llegar al lugar, los uniformados acordonaron la zona y tomaron datos de lo sucedido, que seg\u00fan testigos, fue lo siguiente.<\/p>\n\n\n\n<p>La agresora de escazos 16 a\u00f1os de edad, esperaba a Nincy Yocabed M.C. para reclamarle unas diferencias personales; sin embargo la menor de edad se alter\u00f3 y apu\u00f1al\u00f3 por la espalda al menos en cinco ocasiones a la hoy occisa de 27 a\u00f1os de edad.<\/p>\n\n\n\n<p>La agredida, atacada en su propia vivienda, intent\u00f3 ingresar a su hogar pero cay\u00f3 desangrada; mientras que la menor de edad, al cometer su fechor\u00eda, intent\u00f3 huir, pero fue detenida rapidamente por colonos del lugar.<\/p>\n\n\n\n<p>A pesar de la llegada de los Param\u00e9dicos de Protecci\u00f3n Civil Municipal de Medell\u00edn de Bravo, quienes intentaron brindarle los primeros auxilios a la v\u00edctima, pero debido a las graves lesiones recibidas, nada pudieron lograr por revivirla.<\/p>\n\n\n\n<p>La presunta feminicida adolescente fue detenida por elementos de la Polic\u00eda Estatal y fue trasladada a la Fiscal\u00eda para rendir su declaraci\u00f3n preparatoria, los uniformados acordonaron el \u00e1rea donde minutos despu\u00e9s Polic\u00edas Ministeriales iniciaron\u00a0 las primeras indagatorias y Servicios Periciales orden\u00f3 el retiro del cuerpo.<\/p>\n\n\n\n<figure class=\"wp-block-image size-large\"><img loading=\"lazy\" decoding=\"async\" width=\"1024\" height=\"678\" src=\"https:\/\/encuentroinformativo.com.mx\/wp-content\/uploads\/2021\/07\/C98546BC-649D-4CDE-BE11-E1F1EF95AE6C-1024x678.jpeg\" alt=\"\" class=\"wp-image-16725\" srcset=\"https:\/\/encuentroinformativo.com.mx\/wp-content\/uploads\/2021\/07\/C98546BC-649D-4CDE-BE11-E1F1EF95AE6C-1024x678.jpeg 1024w, https:\/\/encuentroinformativo.com.mx\/wp-content\/uploads\/2021\/07\/C98546BC-649D-4CDE-BE11-E1F1EF95AE6C-300x199.jpeg 300w, https:\/\/encuentroinformativo.com.mx\/wp-content\/uploads\/2021\/07\/C98546BC-649D-4CDE-BE11-E1F1EF95AE6C-768x509.jpeg 768w, https:\/\/encuentroinformativo.com.mx\/wp-content\/uploads\/2021\/07\/C98546BC-649D-4CDE-BE11-E1F1EF95AE6C-1536x1018.jpeg 1536w, https:\/\/encuentroinformativo.com.mx\/wp-content\/uploads\/2021\/07\/C98546BC-649D-4CDE-BE11-E1F1EF95AE6C.jpeg 1600w\" sizes=\"auto, (max-width: 1024px) 100vw, 1024px\" \/><\/figure>\n","protected":false},"excerpt":{"rendered":"<p>Alejandro \u00c1vila Fotos: Sergio Aldazabal\/Cortes\u00eda Medell\u00edn, Ver.- Este mi\u00e9rcoles por la tarde, una joven le arrebat\u00f3 la vida a pu\u00f1aladas a otra mujer, por presuntas diferencias, los hechos ocurrieron en la colonia Ixcoalco del municipio de Medell\u00edn de Bravo. Los vecinos fueron los que alertaron a los cuerpos policiacos de la probable agresi\u00f3n en la [&hellip;]<\/p>\n","protected":false},"author":1,"featured_media":16724,"comment_status":"open","ping_status":"open","sticky":false,"template":"","format":"standard","meta":{"_jetpack_memberships_contains_paid_content":false,"footnotes":""},"categories":[14],"tags":[],"class_list":["post-16723","post","type-post","status-publish","format-standard","has-post-thumbnail","hentry","category-policiaca"],"jetpack_featured_media_url":"https:\/\/encuentroinformativo.com.mx\/wp-content\/uploads\/2021\/07\/9881F089-FB0C-4D17-9455-256D6E68F36C.jpeg","jetpack_sharing_enabled":true,"jetpack_likes_enabled":true,"amp_enabled":true,"_links":{"self":[{"href":"https:\/\/encuentroinformativo.com.mx\/index.php?rest_route=\/wp\/v2\/posts\/16723","targetHints":{"allow":["GET"]}}],"collection":[{"href":"https:\/\/encuentroinformativo.com.mx\/index.php?rest_route=\/wp\/v2\/posts"}],"about":[{"href":"https:\/\/encuentroinformativo.com.mx\/index.php?rest_route=\/wp\/v2\/types\/post"}],"author":[{"embeddable":true,"href":"https:\/\/encuentroinformativo.com.mx\/index.php?rest_route=\/wp\/v2\/users\/1"}],"replies":[{"embeddable":true,"href":"https:\/\/encuentroinformativo.com.mx\/index.php?rest_route=%2Fwp%2Fv2%2Fcomments&post=16723"}],"version-history":[{"count":1,"href":"https:\/\/encuentroinformativo.com.mx\/index.php?rest_route=\/wp\/v2\/posts\/16723\/revisions"}],"predecessor-version":[{"id":16726,"href":"https:\/\/encuentroinformativo.com.mx\/index.php?rest_route=\/wp\/v2\/posts\/16723\/revisions\/16726"}],"wp:featuredmedia":[{"embeddable":true,"href":"https:\/\/encuentroinformativo.com.mx\/index.php?rest_route=\/wp\/v2\/media\/16724"}],"wp:attachment":[{"href":"https:\/\/encuentroinformativo.com.mx\/index.php?rest_route=%2Fwp%2Fv2%2Fmedia&parent=16723"}],"wp:term":[{"taxonomy":"category","embeddable":true,"href":"https:\/\/encuentroinformativo.com.mx\/index.php?rest_route=%2Fwp%2Fv2%2Fcategories&post=16723"},{"taxonomy":"post_tag","embeddable":true,"href":"https:\/\/encuentroinformativo.com.mx\/index.php?rest_route=%2Fwp%2Fv2%2Ftags&post=16723"}],"curies":[{"name":"wp","href":"https:\/\/api.w.org\/{rel}","templated":true}]}}