{"id":16728,"date":"2021-07-23T09:02:12","date_gmt":"2021-07-23T14:02:12","guid":{"rendered":"https:\/\/encuentroinformativo.com.mx\/?p=16728"},"modified":"2021-07-23T09:02:14","modified_gmt":"2021-07-23T14:02:14","slug":"de-canas-y-belleza","status":"publish","type":"post","link":"https:\/\/encuentroinformativo.com.mx\/?p=16728","title":{"rendered":"De canas y belleza"},"content":{"rendered":"\n<p><strong>Los Pol\u00edticos<\/strong><\/p>\n\n\n\n<p><strong>Salvador Mu\u00f1oz<\/strong><\/p>\n\n\n\n<p>\u00a1Es fin de semana! Perm\u00edtanme olvidarme un poco de la pol\u00edtica y a la vez, perm\u00edtase relajarse, d\u00e9se un respiro\u2026 ya pasaron las elecciones\u2026 ya gan\u00f3 o perdi\u00f3 su candidato\u2026 por ello, d\u00e9jeme contarle algunas cosas de la belleza y la vejez:<\/p>\n\n\n\n<p>La se\u00f1ora presume sus canas en las redes sociales bajo un enunciado: \u201clas mujeres estamos transformando los est\u00e1ndares de belleza, y desde nuestros espacios le estamos dando una lecci\u00f3n al mundo, convirtiendo lo que muchas veces llamaron \u2018defectos\u2019 en hermosas virtudes que nos empoderan y nos hacen mucho seguras\u201d.<\/p>\n\n\n\n<p>Minutos antes, le comento a la mujer: \u201c\u00a1Qu\u00e9 le pas\u00f3 a Ricky!\u201d<\/p>\n\n\n\n<p>Tranquilo Ricardo Garc\u00eda Escalante\u2026 tranquilo Ricardo Ahued\u2026 tranquilo Ricardo Exsome\u2026 el asunto no es con ustedes.<\/p>\n\n\n\n<p>La mujer tiene por costumbre ver noticias en TV mientras comemos y en la secci\u00f3n de espect\u00e1culos aparece dando la nota Ricky Martin, \u00bfsobre qu\u00e9? \u00a1Qui\u00e9n sabe! Me sorprendi\u00f3 su boca\u2026 no, no como se lo imaginaron\u2026 no es mi tipo\u2026 su trompa se ve\u00eda roja, hasta cierto punto hinchada. La Mujer not\u00f3 lo dem\u00e1s: en mis palabras, porque los t\u00e9rminos que ella us\u00f3 se me complican, se restir\u00f3 la cara (sin necesidad de cirug\u00eda mayor) y al parecer se aplic\u00f3 col\u00e1geno en los labios\u2026 \u00a1con raz\u00f3n! Pero, \u00bfcu\u00e1ntos a\u00f1os tiene este buey, perd\u00f3n, gay? \u00a149 a\u00f1otes! Pues viejo no se ve aunque ahora se ve raro\u2026 sin ser despectivo con \u201craro\u201d.<\/p>\n\n\n\n<p>Sostengo que quien se quiera enderezar la nariz, engrapar la panza, pintarse el cabello, hacerse la talacha completa en su \u201cpuerco\u201d, si tiene los medios para hacerlo, \u00a1adelante! Vivimos tiempos en que de acuerdo a los est\u00e1ndares dictados por nuestra sociedad, se est\u00e1 \u201cfeo\u201d porque se quiere o porque se es pobre.<\/p>\n\n\n\n<p>Se las cuento aunque parece chiste, pero es an\u00e9cdota:<\/p>\n\n\n\n<p>Llega a la escuela una se\u00f1ora rubia, nariz respingada, labios carnosos, pesta\u00f1as cachaconfetis o de \u00e9sas que sostienen un cigarrillo\u2026 \u00a1qu\u00e9 digo cigarrillo! \u00a1un pinche habano! con p\u00f3mulos cincelados, cuerpo de Diosa, acompa\u00f1ada del marido, de esos se\u00f1ores reci\u00e9n salidos del gimnasio, dijeran en el barrio: un chichi guanga (de tan mamado que est\u00e1), y guapo pero tan guapo que el Bingen y yo nos quedamos cortos\u2026 iban por el chilpayate y ah\u00ed est\u00e1 uno esperando a que saliera el Querub\u00edn de Mar\u00eda Grever: un escuincle cabellos de oro, dientes de perla, labios de rub\u00ed\u2026 cuando sale el chamaco, pensamos que era adoptado pero no\u2026 al final, los genes de la mam\u00e1 se impusieron\u2026 claro, sin cirug\u00eda, sin col\u00e1geno, sin per\u00f3xido, sin botox\u2026 les dije, parece chiste pero es an\u00e9cdota.<\/p>\n\n\n\n<p>Queremos ser bonitos y no envejecer\u2026 gracias a Dios que alguien invent\u00f3 los filtros (y las mentiras) para subir nuestras fotos en las redes sociales. \u00bfA poco no ha visto los comentarios de las amiguis cuando alguien sube su m\u00e1s reciente selfie? \u201c\u00a1Ay, qu\u00e9 guapa! \u00bfPero qu\u00e9 te hiciste que te ves divina?\u201d que hace que uno diga \u201cYa necesito de nuevo graduaci\u00f3n porque ya no veo lo que otros ven\u201d.<\/p>\n\n\n\n<p>Le digo a la Mujer que Sean Connery era un viejo guapo, as\u00ed, pel\u00f3n, con barba canosa; le digo que Pierce Brosnan es un gal\u00e1n oto\u00f1al canoso\u2026 \u00a1vamos! \u00a1hasta la abuelita Maribel Guardia, con sus 62 a\u00f1os, est\u00e1 saludable por cualquier lado que se le vea! Entonces \u00bfpor qu\u00e9 el Ricky a sus 49 se desgracia la cara? \u00a1Ni idea!<\/p>\n\n\n\n<p>Por cierto, la se\u00f1ora que presume sus canas en las redes con esa frase que dice que \u201clas mujeres estamos transformando los est\u00e1ndares de belleza, y desde nuestros espacios le estamos dando una lecci\u00f3n al mundo, convirtiendo lo que muchas veces llamaron \u2018defectos\u2019 en hermosas virtudes que nos empoderan y nos hacen mucho seguras\u201d, trae la ceja tatuada y ya no les cuento lo dem\u00e1s. Dos cosas m\u00e1s antes de iniciar mi fin de semana:<\/p>\n\n\n\n<p>1.- Las canas no son sabidur\u00eda, sino ausencia de melanina.<\/p>\n\n\n\n<p>2.- Si alguien critica tus hilos de plata, siempre responde: Las canas arriba, \u00a1las ganas abajo!<\/p>\n\n\n\n<p><a href=\"mailto:smcainito@gmail.com\" target=\"_blank\" rel=\"noreferrer noopener\">smcainito@gmail.com<\/a><\/p>\n","protected":false},"excerpt":{"rendered":"<p>Los Pol\u00edticos Salvador Mu\u00f1oz \u00a1Es fin de semana! Perm\u00edtanme olvidarme un poco de la pol\u00edtica y a la vez, perm\u00edtase relajarse, d\u00e9se un respiro\u2026 ya pasaron las elecciones\u2026 ya gan\u00f3 o perdi\u00f3 su candidato\u2026 por ello, d\u00e9jeme contarle algunas cosas de la belleza y la vejez: La se\u00f1ora presume sus canas en las redes sociales [&hellip;]<\/p>\n","protected":false},"author":1,"featured_media":70,"comment_status":"open","ping_status":"open","sticky":false,"template":"","format":"standard","meta":{"_jetpack_memberships_contains_paid_content":false,"footnotes":""},"categories":[11],"tags":[],"class_list":["post-16728","post","type-post","status-publish","format-standard","has-post-thumbnail","hentry","category-opinion"],"jetpack_featured_media_url":"https:\/\/encuentroinformativo.com.mx\/wp-content\/uploads\/2020\/02\/opinion-invitado.jpg","jetpack_sharing_enabled":true,"jetpack_likes_enabled":true,"amp_enabled":true,"_links":{"self":[{"href":"https:\/\/encuentroinformativo.com.mx\/index.php?rest_route=\/wp\/v2\/posts\/16728","targetHints":{"allow":["GET"]}}],"collection":[{"href":"https:\/\/encuentroinformativo.com.mx\/index.php?rest_route=\/wp\/v2\/posts"}],"about":[{"href":"https:\/\/encuentroinformativo.com.mx\/index.php?rest_route=\/wp\/v2\/types\/post"}],"author":[{"embeddable":true,"href":"https:\/\/encuentroinformativo.com.mx\/index.php?rest_route=\/wp\/v2\/users\/1"}],"replies":[{"embeddable":true,"href":"https:\/\/encuentroinformativo.com.mx\/index.php?rest_route=%2Fwp%2Fv2%2Fcomments&post=16728"}],"version-history":[{"count":1,"href":"https:\/\/encuentroinformativo.com.mx\/index.php?rest_route=\/wp\/v2\/posts\/16728\/revisions"}],"predecessor-version":[{"id":16729,"href":"https:\/\/encuentroinformativo.com.mx\/index.php?rest_route=\/wp\/v2\/posts\/16728\/revisions\/16729"}],"wp:featuredmedia":[{"embeddable":true,"href":"https:\/\/encuentroinformativo.com.mx\/index.php?rest_route=\/wp\/v2\/media\/70"}],"wp:attachment":[{"href":"https:\/\/encuentroinformativo.com.mx\/index.php?rest_route=%2Fwp%2Fv2%2Fmedia&parent=16728"}],"wp:term":[{"taxonomy":"category","embeddable":true,"href":"https:\/\/encuentroinformativo.com.mx\/index.php?rest_route=%2Fwp%2Fv2%2Fcategories&post=16728"},{"taxonomy":"post_tag","embeddable":true,"href":"https:\/\/encuentroinformativo.com.mx\/index.php?rest_route=%2Fwp%2Fv2%2Ftags&post=16728"}],"curies":[{"name":"wp","href":"https:\/\/api.w.org\/{rel}","templated":true}]}}