{"id":16730,"date":"2021-07-23T09:07:58","date_gmt":"2021-07-23T14:07:58","guid":{"rendered":"https:\/\/encuentroinformativo.com.mx\/?p=16730"},"modified":"2021-07-23T09:08:01","modified_gmt":"2021-07-23T14:08:01","slug":"pan-se-esta-quedando-sin-militantes","status":"publish","type":"post","link":"https:\/\/encuentroinformativo.com.mx\/?p=16730","title":{"rendered":"\u00bfPAN SE EST\u00c1 QUEDANDO SIN MILITANTES?"},"content":{"rendered":"\n<p><strong>ColumnaSinNombre<br>@pablojair<\/strong><\/p>\n\n\n\n<ul class=\"wp-block-list\"><li>Otro espaldarazo de AMLO a Roc\u00edo Nahle.<\/li><li>\u00bfY la seguridad para el Corredor Interoce\u00e1nico?<\/li><li>No le digan a Don Hip\u00f3lito, pero\u2026<\/li><li>Morena ir\u00e1 al TEPJF por fallo del INE.<\/li><li>El Libro Artesanal Veracruzano.<\/li><\/ul>\n\n\n\n<p>Ahora resulta que todos somos<br>altos diplom\u00e1ticos bien ultra fashionistas<br>\u2014Chopenjawer<\/p>\n\n\n\n<p>Un art\u00edculo interesante que trascendi\u00f3 en la semana fue el escrito por la experimentada periodista Leticia Robles de la Rosa \u2014quien cubre la fuente del Senado\u2014 sobre que el Partido Acci\u00f3n Nacional estar\u00eda en riesgo de perder su registro porque ha perdido militancia.<\/p>\n\n\n\n<p>De acuerdo a las cifras que presenta la periodista: \u201csu n\u00famero de militantes es \u00ednfimo, ya que suman 270 mil 799, que representan el 0.28% del Padr\u00f3n Electoral Federal y la Ley General de Partidos Pol\u00edticos establece que el n\u00famero de militantes no puede ser inferior al 0.26 por ciento\u201d.<\/p>\n\n\n\n<p>Apunta: \u201cEs decir, est\u00e1n a s\u00f3lo dos cent\u00e9simas de llegar al l\u00edmite legal para conservar el registro como partido nacional\u201d.<\/p>\n\n\n\n<p>Y hace una comparaci\u00f3n que s\u00ed deber\u00eda preocupar a los panistas: \u201cla UNAM tiene 349 mil 515 alumnos\u201d.<\/p>\n\n\n\n<p>Un dato directo sobre Veracruz \u2014que lo identifica como el padr\u00f3n estatal m\u00e1s grande del pa\u00eds de militantes\u2014 tambi\u00e9n lo compara con la m\u00e1xima casa de estudios del pa\u00eds: suman 23 mil 857 panistas veracruzanos pero \u201cla cifra est\u00e1 por debajo del total de alumnos de posgrado de la UNAM, donde hay 30 mil 310 inscritos\u201d.<\/p>\n\n\n\n<p>Aunque pareciera un escenario lejano (al PAN es el competidor m\u00e1s fuerte contra Morena, quedando en segundo lugar en la pasada elecci\u00f3n), la realidad es que Acci\u00f3n Nacional s\u00ed ha tenido una baja en su militancia y un caso m\u00e1s claro fue la gente que se fue con Felipe Calder\u00f3n cuando \u00e9ste renunci\u00f3 al blanquiazul y se llev\u00f3 a sus huestes.<\/p>\n\n\n\n<p>(Una decisi\u00f3n por cierto muy mala la del expresidente, porque siendo una de las figuras m\u00e1s relevantes e influyentes en la pol\u00edtica mexicana, habr\u00eda tenido una mayor plataforma del partido en el que milit\u00f3 toda la vida y le dio la Presidencia de la Rep\u00fablica).<\/p>\n\n\n\n<p>Ac\u00e1 en Veracruz, una de las fortalezas que siempre tiene para presumir el dirigente estatal Joaqu\u00edn Guzm\u00e1n Avil\u00e9s es que el padr\u00f3n de panistas m\u00e1s grande del pa\u00eds est\u00e1 en su natal Tantoyuca, y esa base es la que precisamente lo ha logrado colocar como una de los actores pol\u00edticos que va de cargo publico en cargo p\u00fablico (originalmente por la protecci\u00f3n del fuero).<\/p>\n\n\n\n<p>Esa misma base permanece, y aunque dio batalla en el distrito, finalmente perdi\u00f3 en la pasada elecci\u00f3n.<\/p>\n\n\n\n<p>Durante a\u00f1os se ha criticado que precisamente ese basti\u00f3n de miles de panistas de Tantoyuca fue atiborrado de ind\u00edgenas que quiz\u00e1s ni sab\u00edan qu\u00e9 estaban firmando al adherirse al PAN o al ser presionados con quitarles los programas sociales que se repartieron durante los 12 a\u00f1os del panismo. Al final de cuentas, es el Comit\u00e9 Municipal m\u00e1s grande y eso ha empoderado a Guzm\u00e1n Avil\u00e9s.<\/p>\n\n\n\n<p>Lo que s\u00ed se ve en Veracruz desde hace rato (siguiendo la l\u00ednea de la falta de militancia por conflictos internos) es una fuerte divisi\u00f3n entre dos grupos: los panistas tradicionales como Guzm\u00e1n Avil\u00e9s, en alianza con el senador Julen Rementer\u00eda y el exdiputado federal V\u00edctor Serralde; y el grupo encabezado por el exgobernador Miguel \u00c1ngel Yunes Linares (escondido actualmente en la sombrita) y sus hijos.<\/p>\n\n\n\n<p>Los dos grupos tienen infinidad de recursos para competir en las pr\u00f3ximas elecciones estatales \u2014que ser\u00e1 la pr\u00f3xima gran batalla al interior del panismo veracruzano\u2014 pero a la vez perdieron mucha influencia en el estado y s\u00f3lo remarcaron los pocos espacios donde tienen peso. Su lucha por el poder parece m\u00e1s reducida a esos dos grupos, pero no se oye de campa\u00f1as masivas de afiliaci\u00f3n ni se ve que anden por las calles tratando de convencer a la gente para que se unan a las filas blanquiazules.<\/p>\n\n\n\n<p>Pero volviendo al tema principal, creo que es l\u00f3gico pensar que la militancia la han perdido (no s\u00f3lo el PAN, tambi\u00e9n los dem\u00e1s partidos) bajo el efecto de que mucha gente se fue al que est\u00e1 de moda, al partido nuevo \u2014incluso por sobrevivencia\u2014 que s\u00ed jal\u00f3 al sector popular y lo arrop\u00f3 como hace mucho tiempo dejaron de hacerlo (las becas y apoyos, of course), cuando las c\u00fapulas partidistas se olvidaron de las bases, el voto verde, el obrero, el bur\u00f3crata, etc., y s\u00f3lo encumbraron a sus cercanos, a quienes compraban candidaturas, a las novias de los \u201ckks\u201d grandes, a los caciques, a la delincuencia organizada, etc.<\/p>\n\n\n\n<p>En ese sentido, se puede decir que el PAN pas\u00f3 por lo mismo cuando el hast\u00edo del PRI en el 2000 (cuando botaron a la gaver al tricolor de Los Pinos) y tuvo cientos de miles de simpatizantes hastiados del otrora poderoso partido\/gobierno\/sistema; pero al paso del tiempo y las decepciones, fue perdiendo ese apoyo.<\/p>\n\n\n\n<p>Para ese entonces se recuerda que tambi\u00e9n se formaron asociaciones y organizaciones panistas de campesinos, ganaderos, transportistas, obreros, etc., que no cuajaron y pretend\u00edan sustituir a las tradicionales pri\u00edstas como la CNC, la CROC, etc., y todas esas siglas ligadas al priato que al paso del tiempo se convirtieron m\u00e1s en grup\u00fasculos mafiosos.<\/p>\n\n\n\n<p>El asunto con el PAN es siempre ha mantenido la imagen de ser un partido que no encaja en el perfil popular; que sigue siendo perteneciente a las \u00e9lites, a las familias pudientes. Un perfil fif\u00ed, por decirlo m\u00e1s coloquialmente.<\/p>\n\n\n\n<p>En ese sentido, el PAN s\u00ed tendr\u00eda riesgo de perder militancia o de no tener m\u00e1s militantes pronto porque esa base popular ya se las rob\u00f3 Morena y al resto de la gente no le interesa afiliarse a un partido, que son las instituciones m\u00e1s desacreditadas en este pa\u00eds.<\/p>\n\n\n\n<p>A lo escrito por Robles de la Rosa contest\u00f3 el dirigente nacional del PAN, Marko Cort\u00e9s, instruyendo a \u201clos comit\u00e9s directivos estatales y municipales de todo el pa\u00eds para que de inmediato soliciten e impartan cursos de inducci\u00f3n al PAN, con la finalidad de que los ciudadanos conozcan los principios y valores del partido y puedan afiliarse a la instituci\u00f3n de manera sencilla y expedita, basados en los lineamientos de la Secretar\u00eda de Formaci\u00f3n y Capacitaci\u00f3n del CEN\u201d.<\/p>\n\n\n\n<p>Incluso asegur\u00f3 \u2014nota del diario La Raz\u00f3n\u2014 que no hay ning\u00fan riesgo de perder el registro por el n\u00famero de militantes, pero en los siguientes meses buscar\u00e1n duplicar el padr\u00f3n con el que cuentan actualmente, haciendo un llamado a las personas que votaron por el PAN, as\u00ed como aquellas que \u201cse arrepintieron de votar por Morena\u201d de afiliarse.<\/p>\n\n\n\n<p>Y aunque s\u00ed se ve lejos la posibilidad de que el PAN desaparezca, en una de esas se va a nutrir de lo que queda del PRI y el PRD con el pretexto de que ahora son amigos de toda la vida.<\/p>\n\n\n\n<p>Al menos ac\u00e1 en Veracruz, el tricolor y el sol azteca ya est\u00e1n absorbidos por el panismo (incluso, m\u00e1s al yunismo); casi-casi como verrugas del PAN, bien adheridas.<\/p>\n\n\n\n<p>NOTA PARA PEGAR EN EL REFRI: En la conferencia ma\u00f1anera de este jueves, el presidente de M\u00e9xico, Andr\u00e9s Manuel L\u00f3pez Obrador, dio espaldarazo a la titular de la Secretar\u00eda de Energ\u00eda, Roc\u00edo Nahle, al haber cumplido con el compromiso de descentralizaci\u00f3n de las dependencias federales y estar despachando desde Villahermosa, Tabasco. Como se recordar\u00e1, una de las propuestas de AMLO era sacar de la Ciudad de M\u00e9xico al gabinete y trasladar a las secretar\u00edas a distintas ciudades al interior del pa\u00eds. Ac\u00e1 en Xalapa se supone, por ejemplo, que opera la Comisi\u00f3n Nacional de Agua.<\/p>\n\n\n\n<p>OTRA NOTA: Que ya se est\u00e1n preguntando algunos alcaldes del istmo de Tehuantepec si ser\u00e1 necesario una nueva corporaci\u00f3n de seguridad para el Corredor Interoce\u00e1nico (algo as\u00ed como la seguridad f\u00edsica de Pemex). Este proyecto, aunque muchos todav\u00eda no lo dimensionan, ser\u00e1 algo as\u00ed como el nuevo Canal de Panam\u00e1, pues finalmente acorta el trayecto entre los oc\u00e9anos Pac\u00edfico y Atl\u00e1ntico, en una franja que por siglos se ha marcado como estrat\u00e9gica por su geograf\u00eda.<\/p>\n\n\n\n<p>OTRA NOTA EXTRA: Que este jueves, varias agencias de la Organizaci\u00f3n de las Naciones Unidas (ONU) se congratularon en un comunicado por la reciente despenalizaci\u00f3n del aborto en el estado de Veracruz llevada a cabo en el Congreso del Estado: \u201cSe saluda la aprobaci\u00f3n e inmediata publicaci\u00f3n de las reformas al C\u00f3digo Penal del estado de Veracruz, que permitir\u00e1 avanzar en la plena garant\u00eda de los derechos sexuales y reproductivos de las mujeres, incluidas adolescentes y ni\u00f1as en la entidad\u201d, informaron la agencias de la ONU en un bolet\u00edn. El comunicado lo firmaron la Oficina del Alto Comisionado de las Naciones Unidas para los Derechos Humanos (ONU-DH), el Fondo de Poblaci\u00f3n de las Naciones Unidas (UNFPA) en M\u00e9xico y la Entidad de las Naciones Unidas para la Igualdad y el Empoderamiento de las Mujeres (ONU Mujeres) en M\u00e9xico\u2026 Pero, porfa, no le avisen a Don Hip\u00f3lito.<\/p>\n\n\n\n<p>OTRA EXTRA M\u00c1S: El Instituto Nacional Electoral (INE) resolvi\u00f3 sobre las quejas que interpuso el representante propietario de Morena ante el OPLE municipal de Veracruz, Pedro Chirinos Ben\u00edtez, por el rebase de tope de gastos de campa\u00f1a de los candidatos del PAN a la alcald\u00eda de Veracruz puerto. En un video difundido en redes sociales, estableci\u00f3 que \u201cesta sesi\u00f3n a\u00fan no ha concluido, en la misma se dijo que hubo indebida valoraci\u00f3n de pruebas de nuestras quejas y que la participaci\u00f3n del alcalde tampoco fue tomada en cuenta ni se investig\u00f3 al respecto\u201d. A\u00f1adi\u00f3 que \u201cesto en democracia significa que acudiremos ante el Tribunal Electoral del Poder Judicial de la Federaci\u00f3n (TEPJF) porque es nuestro derecho para inconformarnos por esta omisi\u00f3n (\u2026) La cadena impugnativa apenas comenzar\u00e1 y como ya lo hemos venido haciendo trabajaremos para defender el voto de las y los veracruzanos. Esto a\u00fan no termina\u201d.<\/p>\n\n\n\n<p>LA \u00daLTIMA PORQUE YA ES VIEEEERNEEEES DE TAMALITOS: El Libro Artesanal Veracruzano ser\u00e1 testimonio del talento en las pr\u00f3ximas generaciones de escritoras y escritores de M\u00e9xico, afirm\u00f3 el secretario de Educaci\u00f3n, Zenyazen Escobar Garc\u00eda, durante la premiaci\u00f3n de la edici\u00f3n 2021 de este concurso que reuni\u00f3 la destacada participaci\u00f3n de ni\u00f1as, ni\u00f1os y adolescentes de todas las regiones de la entidad. La iniciativa del titular de la SEV fomenta la creatividad y fortalece los h\u00e1bitos de lectoescritura.<\/p>\n","protected":false},"excerpt":{"rendered":"<p>ColumnaSinNombre@pablojair Otro espaldarazo de AMLO a Roc\u00edo Nahle. \u00bfY la seguridad para el Corredor Interoce\u00e1nico? No le digan a Don Hip\u00f3lito, pero\u2026 Morena ir\u00e1 al TEPJF por fallo del INE. El Libro Artesanal Veracruzano. Ahora resulta que todos somosaltos diplom\u00e1ticos bien ultra fashionistas\u2014Chopenjawer Un art\u00edculo interesante que trascendi\u00f3 en la semana fue el escrito por [&hellip;]<\/p>\n","protected":false},"author":1,"featured_media":488,"comment_status":"open","ping_status":"open","sticky":false,"template":"","format":"standard","meta":{"_jetpack_memberships_contains_paid_content":false,"footnotes":""},"categories":[11],"tags":[],"class_list":["post-16730","post","type-post","status-publish","format-standard","has-post-thumbnail","hentry","category-opinion"],"jetpack_featured_media_url":"https:\/\/encuentroinformativo.com.mx\/wp-content\/uploads\/2020\/03\/F471F608-BA1A-416B-BA7B-BCFB24F4E6D0.jpeg","jetpack_sharing_enabled":true,"jetpack_likes_enabled":true,"amp_enabled":true,"_links":{"self":[{"href":"https:\/\/encuentroinformativo.com.mx\/index.php?rest_route=\/wp\/v2\/posts\/16730","targetHints":{"allow":["GET"]}}],"collection":[{"href":"https:\/\/encuentroinformativo.com.mx\/index.php?rest_route=\/wp\/v2\/posts"}],"about":[{"href":"https:\/\/encuentroinformativo.com.mx\/index.php?rest_route=\/wp\/v2\/types\/post"}],"author":[{"embeddable":true,"href":"https:\/\/encuentroinformativo.com.mx\/index.php?rest_route=\/wp\/v2\/users\/1"}],"replies":[{"embeddable":true,"href":"https:\/\/encuentroinformativo.com.mx\/index.php?rest_route=%2Fwp%2Fv2%2Fcomments&post=16730"}],"version-history":[{"count":1,"href":"https:\/\/encuentroinformativo.com.mx\/index.php?rest_route=\/wp\/v2\/posts\/16730\/revisions"}],"predecessor-version":[{"id":16731,"href":"https:\/\/encuentroinformativo.com.mx\/index.php?rest_route=\/wp\/v2\/posts\/16730\/revisions\/16731"}],"wp:featuredmedia":[{"embeddable":true,"href":"https:\/\/encuentroinformativo.com.mx\/index.php?rest_route=\/wp\/v2\/media\/488"}],"wp:attachment":[{"href":"https:\/\/encuentroinformativo.com.mx\/index.php?rest_route=%2Fwp%2Fv2%2Fmedia&parent=16730"}],"wp:term":[{"taxonomy":"category","embeddable":true,"href":"https:\/\/encuentroinformativo.com.mx\/index.php?rest_route=%2Fwp%2Fv2%2Fcategories&post=16730"},{"taxonomy":"post_tag","embeddable":true,"href":"https:\/\/encuentroinformativo.com.mx\/index.php?rest_route=%2Fwp%2Fv2%2Ftags&post=16730"}],"curies":[{"name":"wp","href":"https:\/\/api.w.org\/{rel}","templated":true}]}}