{"id":16732,"date":"2021-07-23T09:12:25","date_gmt":"2021-07-23T14:12:25","guid":{"rendered":"https:\/\/encuentroinformativo.com.mx\/?p=16732"},"modified":"2021-07-23T09:50:08","modified_gmt":"2021-07-23T14:50:08","slug":"deja-incendio-locales-afectados-en-plaza-animas","status":"publish","type":"post","link":"https:\/\/encuentroinformativo.com.mx\/?p=16732","title":{"rendered":"Deja incendio locales afectados en Plaza \u00c1nimas"},"content":{"rendered":"\n<p><strong>Juan Arcos<\/strong> <\/p>\n\n\n\n<p> Xalapa, Ver.- La ma\u00f1ana de este viernes se registr\u00f3 un incendio al interior de Plaza \u00c1nimas, ubicada sobre la avenida L\u00e1zaro C\u00e1rdenas, esquina Paseo de las Palmas, en el fraccionamiento Las \u00c1nimas de esta ciudad de Xalapa.<\/p>\n\n\n\n<p>Los hechos ocurrieron cerca de las 5:15 horas, donde resultaron afectados siete locales comerciales, sin personas lesionadas.<\/p>\n\n\n\n<p>Al sitio acudieron elementos de la Secretar\u00eda de Seguridad P\u00fablica (SSP), personal de Protecci\u00f3n Civil del ayuntamiento de Xalapa (PC) y del Cuerpo de Bomberos de Xalapa, quieres liquidaron el incendio a las 6:50 horas.<\/p>\n\n\n\n<p>De manera preliminar, se reportan da\u00f1os materiales en tres zapater\u00edas, dos boutiques, una tienda de mascotas, un local de dise\u00f1o y serigraf\u00eda, as\u00ed como en otros negocios.<\/p>\n\n\n\n<p>De acuerdo con el director de Protecci\u00f3n Civil municipal, Jes\u00fas Vargas Hern\u00e1ndez, el siniestro pudo ocurrir a causa de un corto circuito; sin embargo, ser\u00e1 la Fiscal\u00eda General del Estado (FGE) quien lleve a cabo las investigaciones correspondientes.<\/p>\n\n\n\n<p>El funcionario municipal tambi\u00e9n descart\u00f3 la muerte de animales en la tienda de mascotas que se vio afectada.<\/p>\n\n\n\n<p>\u201cLogramos sacar unos cuyos y resguardar unas peceras no hab\u00eda otros animales como perros\u201d, expres\u00f3.<\/p>\n\n\n\n<p>En el lugar permanece personal del Cuerpo de Bomberos y Protecci\u00f3n Civil municipal solo de manera preventiva.&nbsp;<\/p>\n","protected":false},"excerpt":{"rendered":"<p>Juan Arcos Xalapa, Ver.- La ma\u00f1ana de este viernes se registr\u00f3 un incendio al interior de Plaza \u00c1nimas, ubicada sobre la avenida L\u00e1zaro C\u00e1rdenas, esquina Paseo de las Palmas, en el fraccionamiento Las \u00c1nimas de esta ciudad de Xalapa. Los hechos ocurrieron cerca de las 5:15 horas, donde resultaron afectados siete locales comerciales, sin personas [&hellip;]<\/p>\n","protected":false},"author":1,"featured_media":16734,"comment_status":"open","ping_status":"open","sticky":false,"template":"","format":"standard","meta":{"_jetpack_memberships_contains_paid_content":false,"footnotes":""},"categories":[3],"tags":[],"class_list":["post-16732","post","type-post","status-publish","format-standard","has-post-thumbnail","hentry","category-xalapa"],"jetpack_featured_media_url":"https:\/\/encuentroinformativo.com.mx\/wp-content\/uploads\/2021\/07\/F17D2088-54F1-474E-B5A3-2EF5270914C7.jpeg","jetpack_sharing_enabled":true,"jetpack_likes_enabled":true,"amp_enabled":true,"_links":{"self":[{"href":"https:\/\/encuentroinformativo.com.mx\/index.php?rest_route=\/wp\/v2\/posts\/16732","targetHints":{"allow":["GET"]}}],"collection":[{"href":"https:\/\/encuentroinformativo.com.mx\/index.php?rest_route=\/wp\/v2\/posts"}],"about":[{"href":"https:\/\/encuentroinformativo.com.mx\/index.php?rest_route=\/wp\/v2\/types\/post"}],"author":[{"embeddable":true,"href":"https:\/\/encuentroinformativo.com.mx\/index.php?rest_route=\/wp\/v2\/users\/1"}],"replies":[{"embeddable":true,"href":"https:\/\/encuentroinformativo.com.mx\/index.php?rest_route=%2Fwp%2Fv2%2Fcomments&post=16732"}],"version-history":[{"count":2,"href":"https:\/\/encuentroinformativo.com.mx\/index.php?rest_route=\/wp\/v2\/posts\/16732\/revisions"}],"predecessor-version":[{"id":16735,"href":"https:\/\/encuentroinformativo.com.mx\/index.php?rest_route=\/wp\/v2\/posts\/16732\/revisions\/16735"}],"wp:featuredmedia":[{"embeddable":true,"href":"https:\/\/encuentroinformativo.com.mx\/index.php?rest_route=\/wp\/v2\/media\/16734"}],"wp:attachment":[{"href":"https:\/\/encuentroinformativo.com.mx\/index.php?rest_route=%2Fwp%2Fv2%2Fmedia&parent=16732"}],"wp:term":[{"taxonomy":"category","embeddable":true,"href":"https:\/\/encuentroinformativo.com.mx\/index.php?rest_route=%2Fwp%2Fv2%2Fcategories&post=16732"},{"taxonomy":"post_tag","embeddable":true,"href":"https:\/\/encuentroinformativo.com.mx\/index.php?rest_route=%2Fwp%2Fv2%2Ftags&post=16732"}],"curies":[{"name":"wp","href":"https:\/\/api.w.org\/{rel}","templated":true}]}}