{"id":16736,"date":"2021-07-23T11:39:54","date_gmt":"2021-07-23T16:39:54","guid":{"rendered":"https:\/\/encuentroinformativo.com.mx\/?p=16736"},"modified":"2021-07-23T11:39:58","modified_gmt":"2021-07-23T16:39:58","slug":"abandonada-biblioteca-municipal-de-xalapa","status":"publish","type":"post","link":"https:\/\/encuentroinformativo.com.mx\/?p=16736","title":{"rendered":"Abandonada biblioteca municipal de Xalapa"},"content":{"rendered":"\n<p><strong>Juan Arcos<\/strong> <\/p>\n\n\n\n<p>Xalapa, Ver.- La emblem\u00e1tica Biblioteca de la Ciudad de Xalapa luce descuidada, grafiteada, con la fachada da\u00f1ada por humedad, donde la pintura se descascara como si se tratara de piel marchita.<\/p>\n\n\n\n<p>La asociaci\u00f3n civil Xalapa Antiguo se\u00f1ala que el edificio se encuentra en condiciones deplorables y ninguna autoridad hace nada al respecto.<\/p>\n\n\n\n<p>Se trata de un inmueble que hace muchos a\u00f1os aloj\u00f3 la Oficina de Correos, siendo en su momento el orgullo del empleado postal.<\/p>\n\n\n\n<p>La Biblioteca Central Estatal n\u00famero 1092 depende de la Secretar\u00eda de Educaci\u00f3n de Veracruz (SEV) y se encuentra en la esquina de las calles Benito Ju\u00e1rez y Alfaro, en el Centro Hist\u00f3rico de la capital de Veracruz.<\/p>\n\n\n\n<p>El personal de este lugar argumenta que existe un proyecto para la restauraci\u00f3n del este edificio con aspecto colonial; sin embargo, no proporcionan m\u00e1s informaci\u00f3n sobre el tema.<\/p>\n\n\n\n<p>La biblioteca fue fundada en el a\u00f1o 1979. Han pasado 42 a\u00f1os desde entonces. En la actualidad, requiere mantenimiento y diversos trabajos para su restauraci\u00f3n total.\u00a0<br>Sin embargo, el edificio tiene m\u00e1s de 100 a\u00f1os de antig\u00fcedad y tambi\u00e9n funcion\u00f3 como Hacienda del Estado y Museo de la Ciudad.<\/p>\n\n\n\n<p>Su rehabilitaci\u00f3n debe ser supervisada por el Instituto Nacional de Antropolog\u00eda e Historia (INAH), al tratarse de un monumento hist\u00f3rico en la capital xalape\u00f1a.<\/p>\n\n\n\n<p>Cabe recordar que diversos programas de los tres niveles de gobierno fueron suspendidos por la pandemia del SARS-COV-2 (COVID-19) y, a m\u00e1s de un a\u00f1o y tres meses, no han sido reactivados.\u00a0<br><\/p>\n\n\n\n<figure class=\"wp-block-image size-large\"><img loading=\"lazy\" decoding=\"async\" width=\"1024\" height=\"768\" src=\"https:\/\/encuentroinformativo.com.mx\/wp-content\/uploads\/2021\/07\/E88C7D2C-284A-4BDB-A7C4-F1717C25C698-1024x768.jpeg\" alt=\"\" class=\"wp-image-16738\" srcset=\"https:\/\/encuentroinformativo.com.mx\/wp-content\/uploads\/2021\/07\/E88C7D2C-284A-4BDB-A7C4-F1717C25C698-1024x768.jpeg 1024w, https:\/\/encuentroinformativo.com.mx\/wp-content\/uploads\/2021\/07\/E88C7D2C-284A-4BDB-A7C4-F1717C25C698-300x225.jpeg 300w, https:\/\/encuentroinformativo.com.mx\/wp-content\/uploads\/2021\/07\/E88C7D2C-284A-4BDB-A7C4-F1717C25C698-768x576.jpeg 768w, https:\/\/encuentroinformativo.com.mx\/wp-content\/uploads\/2021\/07\/E88C7D2C-284A-4BDB-A7C4-F1717C25C698.jpeg 1197w\" sizes=\"auto, (max-width: 1024px) 100vw, 1024px\" \/><\/figure>\n\n\n\n<figure class=\"wp-block-image size-large\"><img loading=\"lazy\" decoding=\"async\" width=\"1024\" height=\"768\" src=\"https:\/\/encuentroinformativo.com.mx\/wp-content\/uploads\/2021\/07\/D344B2D8-7058-45D8-A808-98F478E2D185-1024x768.jpeg\" alt=\"\" class=\"wp-image-16739\" srcset=\"https:\/\/encuentroinformativo.com.mx\/wp-content\/uploads\/2021\/07\/D344B2D8-7058-45D8-A808-98F478E2D185-1024x768.jpeg 1024w, https:\/\/encuentroinformativo.com.mx\/wp-content\/uploads\/2021\/07\/D344B2D8-7058-45D8-A808-98F478E2D185-300x225.jpeg 300w, https:\/\/encuentroinformativo.com.mx\/wp-content\/uploads\/2021\/07\/D344B2D8-7058-45D8-A808-98F478E2D185-768x576.jpeg 768w, https:\/\/encuentroinformativo.com.mx\/wp-content\/uploads\/2021\/07\/D344B2D8-7058-45D8-A808-98F478E2D185.jpeg 1197w\" sizes=\"auto, (max-width: 1024px) 100vw, 1024px\" \/><\/figure>\n","protected":false},"excerpt":{"rendered":"<p>Juan Arcos Xalapa, Ver.- La emblem\u00e1tica Biblioteca de la Ciudad de Xalapa luce descuidada, grafiteada, con la fachada da\u00f1ada por humedad, donde la pintura se descascara como si se tratara de piel marchita. La asociaci\u00f3n civil Xalapa Antiguo se\u00f1ala que el edificio se encuentra en condiciones deplorables y ninguna autoridad hace nada al respecto. Se [&hellip;]<\/p>\n","protected":false},"author":1,"featured_media":16737,"comment_status":"open","ping_status":"open","sticky":false,"template":"","format":"standard","meta":{"_jetpack_memberships_contains_paid_content":false,"footnotes":""},"categories":[3],"tags":[],"class_list":["post-16736","post","type-post","status-publish","format-standard","has-post-thumbnail","hentry","category-xalapa"],"jetpack_featured_media_url":"https:\/\/encuentroinformativo.com.mx\/wp-content\/uploads\/2021\/07\/0D6DA3F6-5131-4387-88B3-53DB4E679231.jpeg","jetpack_sharing_enabled":true,"jetpack_likes_enabled":true,"amp_enabled":true,"_links":{"self":[{"href":"https:\/\/encuentroinformativo.com.mx\/index.php?rest_route=\/wp\/v2\/posts\/16736","targetHints":{"allow":["GET"]}}],"collection":[{"href":"https:\/\/encuentroinformativo.com.mx\/index.php?rest_route=\/wp\/v2\/posts"}],"about":[{"href":"https:\/\/encuentroinformativo.com.mx\/index.php?rest_route=\/wp\/v2\/types\/post"}],"author":[{"embeddable":true,"href":"https:\/\/encuentroinformativo.com.mx\/index.php?rest_route=\/wp\/v2\/users\/1"}],"replies":[{"embeddable":true,"href":"https:\/\/encuentroinformativo.com.mx\/index.php?rest_route=%2Fwp%2Fv2%2Fcomments&post=16736"}],"version-history":[{"count":1,"href":"https:\/\/encuentroinformativo.com.mx\/index.php?rest_route=\/wp\/v2\/posts\/16736\/revisions"}],"predecessor-version":[{"id":16740,"href":"https:\/\/encuentroinformativo.com.mx\/index.php?rest_route=\/wp\/v2\/posts\/16736\/revisions\/16740"}],"wp:featuredmedia":[{"embeddable":true,"href":"https:\/\/encuentroinformativo.com.mx\/index.php?rest_route=\/wp\/v2\/media\/16737"}],"wp:attachment":[{"href":"https:\/\/encuentroinformativo.com.mx\/index.php?rest_route=%2Fwp%2Fv2%2Fmedia&parent=16736"}],"wp:term":[{"taxonomy":"category","embeddable":true,"href":"https:\/\/encuentroinformativo.com.mx\/index.php?rest_route=%2Fwp%2Fv2%2Fcategories&post=16736"},{"taxonomy":"post_tag","embeddable":true,"href":"https:\/\/encuentroinformativo.com.mx\/index.php?rest_route=%2Fwp%2Fv2%2Ftags&post=16736"}],"curies":[{"name":"wp","href":"https:\/\/api.w.org\/{rel}","templated":true}]}}