{"id":1674,"date":"2020-04-07T14:12:35","date_gmt":"2020-04-07T19:12:35","guid":{"rendered":"https:\/\/encuentroinformativo.com\/?p=1674"},"modified":"2020-04-07T14:12:38","modified_gmt":"2020-04-07T19:12:38","slug":"gobierno-paga-adeudos-de-uv-ante-el-sat","status":"publish","type":"post","link":"https:\/\/encuentroinformativo.com.mx\/?p=1674","title":{"rendered":"Gobierno paga adeudos de UV ante el SAT"},"content":{"rendered":"\n<p><strong>Dar\u00edo Pale <\/strong><\/p>\n\n\n\n<p>Xalapa, Ver.- La Universidad Veracruzana (UV), dio a conocer a trav\u00e9s de sus redes oficiales que el Gobierno del Estado liquid\u00f3 la deuda mayor a los mil 600 millones de pesos que la m\u00e1xima casa de estudios ten\u00eda con el Servicio de Administraci\u00f3n Tributaria (SAT), correspondiente al periodo de junio de 2015 a noviembre de 2016.<\/p>\n\n\n\n<p>En las redes oficiales de la m\u00e1xima casa de estudios se dio a conocer que la administraci\u00f3n estatal cubri\u00f3 el cuarto pago de dicha deuda, quedando pendiente la falta de pago al SAT del periodo agosto 2014-mayo 2015.<\/p>\n\n\n\n<p>En enero pasado el titular de la Secretar\u00eda de Finanzas y Planeaci\u00f3n de Veracruz, Jos\u00e9 Luis Lima Franco, anunci\u00f3 el plan de rescate financiero de la m\u00e1xima casa de estudios, por lo que asever\u00f3 que en abril quedar\u00eda saldada la deuda que el Gobierno de Veracruz ten\u00eda con la UV.<\/p>\n\n\n\n<p>En conferencia de prensa explic\u00f3 que el pago al adeudo que la UV a su vez ten\u00eda con el SAT se \u00a0realizar\u00eda en cuatro pagos mensuales, los cuales iniciaron el pasado 24 de enero y se prev\u00e9 que concluyan a finales de este mes.<\/p>\n\n\n\n<p>\u201cDesde el 2014 se vienen acumulando adeudos que al d\u00eda de hoy suman la cantidad de alrededor de 2 mil millones de pesos, fueron 5 a\u00f1os en que se olvidaron de un reclamo leg\u00edtimo de la comunidad universitaria&#8221;, se\u00f1alo.<\/p>\n\n\n\n<p>&#8220;La UV manifiesta su reconocimiento al @GobiernoVer, encabezado por el gobernador @CuitlahuacGJ, por cubrir el cuarto pago del adeudo que se ten\u00eda con la Secretar\u00eda de Hacienda y Cr\u00e9dito P\u00fablico&#8221;, es el mensaje da a conocer la Universidad.<\/p>\n\n\n\n<p>En dicho comunicado se da a conocer que se realiz\u00f3 el cuarto pago del adeudo del periodo junio de 2015 a noviembre de 2016, por lo que se ha cumplido con la cantidad de mil 685 millones 697 mil 944 pesos.<\/p>\n\n\n\n<p>&#8220;Estamos conscientes de los tiempos complejos que vive Veracruz y por ello m\u00e1s significado tiene el poder contar con un Gobierno sensible a las necesidades de educaci\u00f3n superior. Sabemos que contamos con el Gobierno del Estado para cumplir, como lo hemos acordado con el adeudo hist\u00f3rico correspondiente al periodo agosto 2014-mayo 2015 con el SAT, producto de la falta de ministraci\u00f3n de recursos de gobiernos anteriores y cuyo monto se encuentra en gesti\u00f3n y an\u00e1lisis por parte de Sefiplan y el SAT&#8221;, se\u00f1ala el escrito.<\/p>\n\n\n\n<p><\/p>\n","protected":false},"excerpt":{"rendered":"<p>Dar\u00edo Pale Xalapa, Ver.- La Universidad Veracruzana (UV), dio a conocer a trav\u00e9s de sus redes oficiales que el Gobierno del Estado liquid\u00f3 la deuda mayor a los mil 600 millones de pesos que la m\u00e1xima casa de estudios ten\u00eda con el Servicio de Administraci\u00f3n Tributaria (SAT), correspondiente al periodo de junio de 2015 a [&hellip;]<\/p>\n","protected":false},"author":1,"featured_media":1675,"comment_status":"open","ping_status":"open","sticky":false,"template":"","format":"standard","meta":{"_jetpack_memberships_contains_paid_content":false,"footnotes":""},"categories":[2],"tags":[],"class_list":["post-1674","post","type-post","status-publish","format-standard","has-post-thumbnail","hentry","category-estado"],"jetpack_featured_media_url":"https:\/\/encuentroinformativo.com.mx\/wp-content\/uploads\/2020\/04\/7DECAC7C-E32A-4EEC-8E25-A7241D38CE15.jpeg","jetpack_sharing_enabled":true,"jetpack_likes_enabled":true,"amp_enabled":true,"_links":{"self":[{"href":"https:\/\/encuentroinformativo.com.mx\/index.php?rest_route=\/wp\/v2\/posts\/1674","targetHints":{"allow":["GET"]}}],"collection":[{"href":"https:\/\/encuentroinformativo.com.mx\/index.php?rest_route=\/wp\/v2\/posts"}],"about":[{"href":"https:\/\/encuentroinformativo.com.mx\/index.php?rest_route=\/wp\/v2\/types\/post"}],"author":[{"embeddable":true,"href":"https:\/\/encuentroinformativo.com.mx\/index.php?rest_route=\/wp\/v2\/users\/1"}],"replies":[{"embeddable":true,"href":"https:\/\/encuentroinformativo.com.mx\/index.php?rest_route=%2Fwp%2Fv2%2Fcomments&post=1674"}],"version-history":[{"count":1,"href":"https:\/\/encuentroinformativo.com.mx\/index.php?rest_route=\/wp\/v2\/posts\/1674\/revisions"}],"predecessor-version":[{"id":1676,"href":"https:\/\/encuentroinformativo.com.mx\/index.php?rest_route=\/wp\/v2\/posts\/1674\/revisions\/1676"}],"wp:featuredmedia":[{"embeddable":true,"href":"https:\/\/encuentroinformativo.com.mx\/index.php?rest_route=\/wp\/v2\/media\/1675"}],"wp:attachment":[{"href":"https:\/\/encuentroinformativo.com.mx\/index.php?rest_route=%2Fwp%2Fv2%2Fmedia&parent=1674"}],"wp:term":[{"taxonomy":"category","embeddable":true,"href":"https:\/\/encuentroinformativo.com.mx\/index.php?rest_route=%2Fwp%2Fv2%2Fcategories&post=1674"},{"taxonomy":"post_tag","embeddable":true,"href":"https:\/\/encuentroinformativo.com.mx\/index.php?rest_route=%2Fwp%2Fv2%2Ftags&post=1674"}],"curies":[{"name":"wp","href":"https:\/\/api.w.org\/{rel}","templated":true}]}}