{"id":16742,"date":"2021-07-23T12:35:45","date_gmt":"2021-07-23T17:35:45","guid":{"rendered":"https:\/\/encuentroinformativo.com.mx\/?p=16742"},"modified":"2021-07-23T12:35:50","modified_gmt":"2021-07-23T17:35:50","slug":"por-pandemia-escuelas-son-albergues-de-delincuentes-acusan-docentes","status":"publish","type":"post","link":"https:\/\/encuentroinformativo.com.mx\/?p=16742","title":{"rendered":"Por pandemia, escuelas son albergues de delincuentes; acusan docentes"},"content":{"rendered":"\n<p><strong>Juan Arcos<\/strong><\/p>\n\n\n\n<p>Xalapa, Ver.- La escuela primaria \u201cMario Fabio Altamirano\u201d se ha convertido en un refugio de delincuentes durante la pandemia del SARS-COV-2 (COVID-19), ante la falta de clases presenciales.<\/p>\n\n\n\n<p>El edificio se encuentra sobre la calle Camino Antiguo a Chiltoyac, en la colonia El Sumidero, de esta ciudad capital, mismo que tambi\u00e9n ha sido saqueado durante el confinamiento.<\/p>\n\n\n\n<p>Tres de los cuatro lavados de los sanitarios fueron sustra\u00eddos por los ladrones, as\u00ed como parte de la red hidr\u00e1ulica, alcantarillas, libros y otros materiales did\u00e1cticos.\u00a0<\/p>\n\n\n\n<p>La directora del plantel, Mar\u00eda de Lourdes Zapata Gonz\u00e1lez, indic\u00f3 que se ha detectado la presencia de los \u201cmaleantes\u201d, toda vez que han encontrado ropa y el constante uso de los sanitarios.&nbsp;<\/p>\n\n\n\n<p>\u201cSabemos por las muestras que se van quedando, que este edificio escolar est\u00e1 siendo casa de algunos maleantes o delincuentes porque hay desechos en los ba\u00f1os, sabemos que se introducen porque hay muestras de que dejaron ropa o envases\u201d.<\/p>\n\n\n\n<p>La acad\u00e9mica indic\u00f3 que esas mismas personas han robado constantemente en el plantel y, por ello, se han presentado var\u00edas denuncias en la Fiscal\u00eda General del Estado (FGE).<\/p>\n\n\n\n<p>\u201cHay gente que se introduce sin permiso y los da\u00f1os se van haciendo cada vez m\u00e1s grandes porque ya conocen el plantel y saben lo que pueden sustraer. La mayor\u00eda de estos casos est\u00e1n documentados ante la fiscal\u00eda de Veracruz\u201d.<\/p>\n\n\n\n<p><strong>OMISA, FISCAL\u00cdA DE VERACRUZ<\/strong><\/p>\n\n\n\n<p>Zapata Gonz\u00e1lez record\u00f3 que la directora del turno vespertino ha acudido a la Fiscal\u00eda General del Estado para presentar las denuncias por robos en la escuela; sin embargo, el personal de la dependencia no concreta el tr\u00e1mite, bajo el argumento de que no se trata de da\u00f1os graves o cuantiosos.<\/p>\n\n\n\n<p>\u201cEntonces se me hace una falta de respeto hacia la escuela porque cualquier introducci\u00f3n sin permiso alguno es un da\u00f1o y ocasiona p\u00e9rdidas\u201d.<\/p>\n\n\n\n<p>La Directora del turno matutino pidi\u00f3 a las autoridades que se hagan responsables del resguardo de los planteles educativos, as\u00ed como tambi\u00e9n, de las reparaciones y la reposici\u00f3n de materiales en la escuela.<\/p>\n\n\n\n<p>El edificio alberga a m\u00e1s de 700 alumnos en los turnos matutino, vespertino y nocturno, quienes no podr\u00e1n regresar a clases presenciales el pr\u00f3ximo 30 de agosto por las p\u00e9simas condiciones en que se encuentra el inmueble.<\/p>\n\n\n\n<p>Algunos planteles educativos tambi\u00e9n han sido utilizados como refugio de delincuentes en el puerto de Veracruz.<\/p>\n\n\n\n<p>De acuerdo con el titular de la Secretar\u00eda de Educaci\u00f3n de Veracruz (SEV), Zenyazen Escobar Garc\u00eda, hasta el pasado 8 de julio se contabilizaban 73 robos en escuelas durante el confinamiento en la entidad, siendo la zona conturbada Veracruz-Boca del R\u00edo- Medell\u00edn de Bravo un foco rojo por esta problem\u00e1tica.<\/p>\n\n\n\n<p>Adem\u00e1s, el funcionario estatal ha reconocido que las autoridades de seguridad carecen de capacidad para resguardar las m\u00e1s de 24 mil escuelas de todos los niveles educativos que hay en el estado de Veracruz.<\/p>\n\n\n\n<figure class=\"wp-block-image size-large\"><img loading=\"lazy\" decoding=\"async\" width=\"779\" height=\"584\" src=\"https:\/\/encuentroinformativo.com.mx\/wp-content\/uploads\/2021\/07\/C1AD0CD5-1AD8-4704-A4D9-E289EE1D2012.jpeg\" alt=\"\" class=\"wp-image-16744\" srcset=\"https:\/\/encuentroinformativo.com.mx\/wp-content\/uploads\/2021\/07\/C1AD0CD5-1AD8-4704-A4D9-E289EE1D2012.jpeg 779w, https:\/\/encuentroinformativo.com.mx\/wp-content\/uploads\/2021\/07\/C1AD0CD5-1AD8-4704-A4D9-E289EE1D2012-300x225.jpeg 300w, https:\/\/encuentroinformativo.com.mx\/wp-content\/uploads\/2021\/07\/C1AD0CD5-1AD8-4704-A4D9-E289EE1D2012-768x576.jpeg 768w\" sizes=\"auto, (max-width: 779px) 100vw, 779px\" \/><\/figure>\n","protected":false},"excerpt":{"rendered":"<p>Juan Arcos Xalapa, Ver.- La escuela primaria \u201cMario Fabio Altamirano\u201d se ha convertido en un refugio de delincuentes durante la pandemia del SARS-COV-2 (COVID-19), ante la falta de clases presenciales. El edificio se encuentra sobre la calle Camino Antiguo a Chiltoyac, en la colonia El Sumidero, de esta ciudad capital, mismo que tambi\u00e9n ha sido [&hellip;]<\/p>\n","protected":false},"author":1,"featured_media":16743,"comment_status":"open","ping_status":"open","sticky":false,"template":"","format":"standard","meta":{"_jetpack_memberships_contains_paid_content":false,"footnotes":""},"categories":[3],"tags":[],"class_list":["post-16742","post","type-post","status-publish","format-standard","has-post-thumbnail","hentry","category-xalapa"],"jetpack_featured_media_url":"https:\/\/encuentroinformativo.com.mx\/wp-content\/uploads\/2021\/07\/BC6BE7A9-92D7-488C-BC24-69F7BA18F0DD.jpeg","jetpack_sharing_enabled":true,"jetpack_likes_enabled":true,"amp_enabled":true,"_links":{"self":[{"href":"https:\/\/encuentroinformativo.com.mx\/index.php?rest_route=\/wp\/v2\/posts\/16742","targetHints":{"allow":["GET"]}}],"collection":[{"href":"https:\/\/encuentroinformativo.com.mx\/index.php?rest_route=\/wp\/v2\/posts"}],"about":[{"href":"https:\/\/encuentroinformativo.com.mx\/index.php?rest_route=\/wp\/v2\/types\/post"}],"author":[{"embeddable":true,"href":"https:\/\/encuentroinformativo.com.mx\/index.php?rest_route=\/wp\/v2\/users\/1"}],"replies":[{"embeddable":true,"href":"https:\/\/encuentroinformativo.com.mx\/index.php?rest_route=%2Fwp%2Fv2%2Fcomments&post=16742"}],"version-history":[{"count":1,"href":"https:\/\/encuentroinformativo.com.mx\/index.php?rest_route=\/wp\/v2\/posts\/16742\/revisions"}],"predecessor-version":[{"id":16745,"href":"https:\/\/encuentroinformativo.com.mx\/index.php?rest_route=\/wp\/v2\/posts\/16742\/revisions\/16745"}],"wp:featuredmedia":[{"embeddable":true,"href":"https:\/\/encuentroinformativo.com.mx\/index.php?rest_route=\/wp\/v2\/media\/16743"}],"wp:attachment":[{"href":"https:\/\/encuentroinformativo.com.mx\/index.php?rest_route=%2Fwp%2Fv2%2Fmedia&parent=16742"}],"wp:term":[{"taxonomy":"category","embeddable":true,"href":"https:\/\/encuentroinformativo.com.mx\/index.php?rest_route=%2Fwp%2Fv2%2Fcategories&post=16742"},{"taxonomy":"post_tag","embeddable":true,"href":"https:\/\/encuentroinformativo.com.mx\/index.php?rest_route=%2Fwp%2Fv2%2Ftags&post=16742"}],"curies":[{"name":"wp","href":"https:\/\/api.w.org\/{rel}","templated":true}]}}