{"id":16749,"date":"2021-07-23T14:00:49","date_gmt":"2021-07-23T19:00:49","guid":{"rendered":"https:\/\/encuentroinformativo.com.mx\/?p=16749"},"modified":"2021-07-23T14:00:53","modified_gmt":"2021-07-23T19:00:53","slug":"amlo-supervisara-obras-en-veracruz-delegado","status":"publish","type":"post","link":"https:\/\/encuentroinformativo.com.mx\/?p=16749","title":{"rendered":"AMLO supervisar\u00e1 obras en Veracruz: Delegado"},"content":{"rendered":"\n<p><strong>Juan Arcos<\/strong> <\/p>\n\n\n\n<p>Xalapa, Ver.- El presidente de la Rep\u00fablica Mexicana, Andr\u00e9s Manuel L\u00f3pez Obrador, visitar\u00e1 el estado de Veracruz durante los d\u00edas s\u00e1bado y domingo para supervisar las obras que lleva a cabo el gobierno federal en esta entidad.<\/p>\n\n\n\n<p>As\u00ed lo dio a conocer el delegado de Programas Sociales en Veracruz, Manuel Huerta Ladr\u00f3n de Guevara, quien a\u00f1adi\u00f3 que el mandatario federal tendr\u00e1 algunas reuniones privadas donde no se permitir\u00e1 el acceso a medios de comunicaci\u00f3n.<\/p>\n\n\n\n<p>Durante el s\u00e1bado 24 de julio, L\u00f3pez Obrador se presentar\u00e1 en Boca del R\u00edo para la revisi\u00f3n de los programas federales.<\/p>\n\n\n\n<p>Adem\u00e1s, estar\u00e1 en el puerto de Veracruz para supervisar los planes de mejoramiento urbano y acudir\u00e1 al Centro Integrador de Desarrollo \u201cLa Patria es Primero\u201d, as\u00ed como al auditorio \u201cBenito Ju\u00e1rez\u201d.<\/p>\n\n\n\n<p>Huerta Ladr\u00f3n de Guevara indic\u00f3 que, el domingo 25 de julio, AMLO arribar\u00e1 a Xalapa para verificar la construcci\u00f3n del cuartel de la Guardia Nacional (GN), sobre el bulevar Xalapa-Coatepec, en la zona del Vel\u00f3dromo.<\/p>\n\n\n\n<p>\u201cSe har\u00e1n supervisiones, no inauguraciones porque est\u00e1 prohibido por el INE. Viene a ver la Guardia Nacional y unas obras de mejoramiento\u201d, expres\u00f3 el Delegado.<\/p>\n\n\n\n<p>Tambi\u00e9n mencion\u00f3 que se implement\u00f3 el programa \u201camor a distancia\u201d para que los ciudadanos puedan hacer peticiones al Presidente, mediante los servidores de la naci\u00f3n.<\/p>\n\n\n\n<p>Finalmente, refiri\u00f3 que no se permitir\u00e1 el acercamiento de la gente al mandatario federal por la pandemia del SARS-COV-2 (COVID-19), para garantizar la sana distancia y evitar contagios.<\/p>\n","protected":false},"excerpt":{"rendered":"<p>Juan Arcos Xalapa, Ver.- El presidente de la Rep\u00fablica Mexicana, Andr\u00e9s Manuel L\u00f3pez Obrador, visitar\u00e1 el estado de Veracruz durante los d\u00edas s\u00e1bado y domingo para supervisar las obras que lleva a cabo el gobierno federal en esta entidad. As\u00ed lo dio a conocer el delegado de Programas Sociales en Veracruz, Manuel Huerta Ladr\u00f3n de [&hellip;]<\/p>\n","protected":false},"author":1,"featured_media":16750,"comment_status":"open","ping_status":"open","sticky":false,"template":"","format":"standard","meta":{"_jetpack_memberships_contains_paid_content":false,"footnotes":""},"categories":[2],"tags":[],"class_list":["post-16749","post","type-post","status-publish","format-standard","has-post-thumbnail","hentry","category-estado"],"jetpack_featured_media_url":"https:\/\/encuentroinformativo.com.mx\/wp-content\/uploads\/2021\/07\/E4C14449-636A-4F4D-B9EE-0B10476E5155.jpeg","jetpack_sharing_enabled":true,"jetpack_likes_enabled":true,"amp_enabled":true,"_links":{"self":[{"href":"https:\/\/encuentroinformativo.com.mx\/index.php?rest_route=\/wp\/v2\/posts\/16749","targetHints":{"allow":["GET"]}}],"collection":[{"href":"https:\/\/encuentroinformativo.com.mx\/index.php?rest_route=\/wp\/v2\/posts"}],"about":[{"href":"https:\/\/encuentroinformativo.com.mx\/index.php?rest_route=\/wp\/v2\/types\/post"}],"author":[{"embeddable":true,"href":"https:\/\/encuentroinformativo.com.mx\/index.php?rest_route=\/wp\/v2\/users\/1"}],"replies":[{"embeddable":true,"href":"https:\/\/encuentroinformativo.com.mx\/index.php?rest_route=%2Fwp%2Fv2%2Fcomments&post=16749"}],"version-history":[{"count":1,"href":"https:\/\/encuentroinformativo.com.mx\/index.php?rest_route=\/wp\/v2\/posts\/16749\/revisions"}],"predecessor-version":[{"id":16751,"href":"https:\/\/encuentroinformativo.com.mx\/index.php?rest_route=\/wp\/v2\/posts\/16749\/revisions\/16751"}],"wp:featuredmedia":[{"embeddable":true,"href":"https:\/\/encuentroinformativo.com.mx\/index.php?rest_route=\/wp\/v2\/media\/16750"}],"wp:attachment":[{"href":"https:\/\/encuentroinformativo.com.mx\/index.php?rest_route=%2Fwp%2Fv2%2Fmedia&parent=16749"}],"wp:term":[{"taxonomy":"category","embeddable":true,"href":"https:\/\/encuentroinformativo.com.mx\/index.php?rest_route=%2Fwp%2Fv2%2Fcategories&post=16749"},{"taxonomy":"post_tag","embeddable":true,"href":"https:\/\/encuentroinformativo.com.mx\/index.php?rest_route=%2Fwp%2Fv2%2Ftags&post=16749"}],"curies":[{"name":"wp","href":"https:\/\/api.w.org\/{rel}","templated":true}]}}