{"id":16755,"date":"2021-07-23T15:05:16","date_gmt":"2021-07-23T20:05:16","guid":{"rendered":"https:\/\/encuentroinformativo.com.mx\/?p=16755"},"modified":"2021-07-23T15:05:20","modified_gmt":"2021-07-23T20:05:20","slug":"candidatos-panistas-no-rebasaron-tope-de-campana-en-veracruz-puerto","status":"publish","type":"post","link":"https:\/\/encuentroinformativo.com.mx\/?p=16755","title":{"rendered":"Candidatos panistas no rebasaron tope de campa\u00f1a en Veracruz puerto"},"content":{"rendered":"\n<p><strong>Alejandro \u00c1vila<\/strong><\/p>\n\n\n\n<p>Veracruz, Ver.- La madrugada de este viernes, el Instituto Nacional Electoral (INE), confirm\u00f3 que ni Patricia Lobeira Rodr\u00edguez o Miguel \u00c1ngel Yunes M\u00e1rquez rebasaron el tope de campa\u00f1a estipulado por el organismo electoral para los comisi\u00f3s del pasado 6 de junio.<\/p>\n\n\n\n<p>De esta manera, qued\u00f3 sin efecto la impugnaci\u00f3n hecha por los representantes del partido MORENA, quienes ya informaron impugnar\u00e1n la decisi\u00f3n; a pesar de todo estar debidamente revisado a trav\u00e9s de la Unidad T\u00e9cnica de Fiscalizaci\u00f3n (UTF).<\/p>\n\n\n\n<p>En dicha sesi\u00f3n, los consejeros del INE aprobaron por unanimidad las resoluciones de los expedientes INE\/Q-COF-UTF\/840\/2021\/VER y INE\/Q- COF-UTF\/958\/2021\/VER en los cuales se determin\u00f3 que ninguno de los dos candidatos rebas\u00f3 los l\u00edmites econ\u00f3micos de campa\u00f1a como candidatos a la presidencia municipal de Veracruz por la alianza \u201cVeracruz Va\u201d.<\/p>\n\n\n\n<p>\u201cSe declara infundado el procedimiento administrativo sancionador de queja en materia de fiscalizaci\u00f3n, instaurado en contra de los CC. Patricia Lobeira Rodr\u00edguez y Miguel \u00c1ngel Yunes M\u00e1rquez, otrora candidatos al cargo de Presidente Municipal de Veracruz, Veracruz; postulados por la coalici\u00f3n \u201cVeracruz Va\u201d, integrada por los partidos Acci\u00f3n Nacional, Revolucionario Institucional y de la Revoluci\u00f3n Democr\u00e1tica, en el marco del Proceso Electoral Local Ordinario 2020-2021; en t\u00e9rminos de lo expuesto en el Considerando 2 de la presente Resoluci\u00f3n&#8221;, se\u00f1ala el documento.<\/p>\n\n\n\n<p>Finalmente, los consejeros electorales tambi\u00e9n votaron, por unanimidad, en contra de la solicitud del representante de MORENA ante el Consejo General del INE, Sergio Carlos Guti\u00e9rrez Luna, sobre la solicitid de devoluci\u00f3n de los dos expedientes para ahondar en su estudio. Esto le fue negado por los consejeros al no encontrar indicios de sus dichos.<\/p>\n","protected":false},"excerpt":{"rendered":"<p>Alejandro \u00c1vila Veracruz, Ver.- La madrugada de este viernes, el Instituto Nacional Electoral (INE), confirm\u00f3 que ni Patricia Lobeira Rodr\u00edguez o Miguel \u00c1ngel Yunes M\u00e1rquez rebasaron el tope de campa\u00f1a estipulado por el organismo electoral para los comisi\u00f3s del pasado 6 de junio. De esta manera, qued\u00f3 sin efecto la impugnaci\u00f3n hecha por los representantes [&hellip;]<\/p>\n","protected":false},"author":1,"featured_media":16756,"comment_status":"open","ping_status":"open","sticky":false,"template":"","format":"standard","meta":{"_jetpack_memberships_contains_paid_content":false,"footnotes":""},"categories":[2],"tags":[],"class_list":["post-16755","post","type-post","status-publish","format-standard","has-post-thumbnail","hentry","category-estado"],"jetpack_featured_media_url":"https:\/\/encuentroinformativo.com.mx\/wp-content\/uploads\/2021\/07\/CD48465D-61ED-46BB-9A8F-C7924C899EF8.jpeg","jetpack_sharing_enabled":true,"jetpack_likes_enabled":true,"amp_enabled":true,"_links":{"self":[{"href":"https:\/\/encuentroinformativo.com.mx\/index.php?rest_route=\/wp\/v2\/posts\/16755","targetHints":{"allow":["GET"]}}],"collection":[{"href":"https:\/\/encuentroinformativo.com.mx\/index.php?rest_route=\/wp\/v2\/posts"}],"about":[{"href":"https:\/\/encuentroinformativo.com.mx\/index.php?rest_route=\/wp\/v2\/types\/post"}],"author":[{"embeddable":true,"href":"https:\/\/encuentroinformativo.com.mx\/index.php?rest_route=\/wp\/v2\/users\/1"}],"replies":[{"embeddable":true,"href":"https:\/\/encuentroinformativo.com.mx\/index.php?rest_route=%2Fwp%2Fv2%2Fcomments&post=16755"}],"version-history":[{"count":1,"href":"https:\/\/encuentroinformativo.com.mx\/index.php?rest_route=\/wp\/v2\/posts\/16755\/revisions"}],"predecessor-version":[{"id":16757,"href":"https:\/\/encuentroinformativo.com.mx\/index.php?rest_route=\/wp\/v2\/posts\/16755\/revisions\/16757"}],"wp:featuredmedia":[{"embeddable":true,"href":"https:\/\/encuentroinformativo.com.mx\/index.php?rest_route=\/wp\/v2\/media\/16756"}],"wp:attachment":[{"href":"https:\/\/encuentroinformativo.com.mx\/index.php?rest_route=%2Fwp%2Fv2%2Fmedia&parent=16755"}],"wp:term":[{"taxonomy":"category","embeddable":true,"href":"https:\/\/encuentroinformativo.com.mx\/index.php?rest_route=%2Fwp%2Fv2%2Fcategories&post=16755"},{"taxonomy":"post_tag","embeddable":true,"href":"https:\/\/encuentroinformativo.com.mx\/index.php?rest_route=%2Fwp%2Fv2%2Ftags&post=16755"}],"curies":[{"name":"wp","href":"https:\/\/api.w.org\/{rel}","templated":true}]}}