{"id":1677,"date":"2020-04-07T14:26:33","date_gmt":"2020-04-07T19:26:33","guid":{"rendered":"https:\/\/encuentroinformativo.com\/?p=1677"},"modified":"2020-04-07T14:26:35","modified_gmt":"2020-04-07T19:26:35","slug":"por-semana-santa-suspenden-clases-en-linea-snte","status":"publish","type":"post","link":"https:\/\/encuentroinformativo.com.mx\/?p=1677","title":{"rendered":"Por Semana Santa, suspenden clases en l\u00ednea: SNTE"},"content":{"rendered":"\n<p><strong>Dar\u00edo Pale<\/strong> <\/p>\n\n\n\n<p>Xalapa, Ver.- Galdino Diego P\u00e9rez, Coordinador del Movimiento Democr\u00e1tico Magisterial de la Secci\u00f3n 32 del Sindicato Nacional de Trabajadores de la Educaci\u00f3n (SNTE), dio a conocer que durante este periodo de Semana Santa se suspendieron las clases en l\u00ednea en los diferentes niveles de educaci\u00f3n.<\/p>\n\n\n\n<p>Entrevistado en conocido caf\u00e9 del centro del centro de Xalapa, dijo que la segunda y tercera semana de abril son el periodo establecido como vacaciones.<\/p>\n\n\n\n<p>&#8220;En el periodo vacacional est\u00e1 claro que hay suspenci\u00f3n, es un periodo que est\u00e1 establecido como vacaciones, pero inmediatamente se seguir\u00e1 con ese tema&#8221;, se\u00f1al\u00f3.<\/p>\n\n\n\n<p>Posteriormente se retomar\u00e1n, de acuerdo a las indicaciones de los gobiernos federal y estatal.<\/p>\n\n\n\n<p>&#8220;El curso escolar lo tenemos que readecuar por su puesto, si hay una estrategia que plantee la Secretar\u00eda de Educaci\u00f3n P\u00fablica a nivel federal, los maestros estamos dispuestos a trabajar para que nuestros ni\u00f1os y nuestros j\u00f3venes sigan aprendiendo, se sigan desarrollando y formando&#8221;.<\/p>\n\n\n\n<p>Por \u00faltimo Galdino P\u00e9rez dijo que \u00a0preven que haya riesgo de que se pierda el ciclo escolar.<\/p>\n\n\n\n<p><\/p>\n","protected":false},"excerpt":{"rendered":"<p>Dar\u00edo Pale Xalapa, Ver.- Galdino Diego P\u00e9rez, Coordinador del Movimiento Democr\u00e1tico Magisterial de la Secci\u00f3n 32 del Sindicato Nacional de Trabajadores de la Educaci\u00f3n (SNTE), dio a conocer que durante este periodo de Semana Santa se suspendieron las clases en l\u00ednea en los diferentes niveles de educaci\u00f3n. Entrevistado en conocido caf\u00e9 del centro del centro [&hellip;]<\/p>\n","protected":false},"author":1,"featured_media":1678,"comment_status":"open","ping_status":"open","sticky":false,"template":"","format":"standard","meta":{"_jetpack_memberships_contains_paid_content":false,"footnotes":""},"categories":[2],"tags":[],"class_list":["post-1677","post","type-post","status-publish","format-standard","has-post-thumbnail","hentry","category-estado"],"jetpack_featured_media_url":"https:\/\/encuentroinformativo.com.mx\/wp-content\/uploads\/2020\/04\/ACA1A320-4B3B-4BF9-8044-9E7D42224E72.jpeg","jetpack_sharing_enabled":true,"jetpack_likes_enabled":true,"amp_enabled":true,"_links":{"self":[{"href":"https:\/\/encuentroinformativo.com.mx\/index.php?rest_route=\/wp\/v2\/posts\/1677","targetHints":{"allow":["GET"]}}],"collection":[{"href":"https:\/\/encuentroinformativo.com.mx\/index.php?rest_route=\/wp\/v2\/posts"}],"about":[{"href":"https:\/\/encuentroinformativo.com.mx\/index.php?rest_route=\/wp\/v2\/types\/post"}],"author":[{"embeddable":true,"href":"https:\/\/encuentroinformativo.com.mx\/index.php?rest_route=\/wp\/v2\/users\/1"}],"replies":[{"embeddable":true,"href":"https:\/\/encuentroinformativo.com.mx\/index.php?rest_route=%2Fwp%2Fv2%2Fcomments&post=1677"}],"version-history":[{"count":1,"href":"https:\/\/encuentroinformativo.com.mx\/index.php?rest_route=\/wp\/v2\/posts\/1677\/revisions"}],"predecessor-version":[{"id":1679,"href":"https:\/\/encuentroinformativo.com.mx\/index.php?rest_route=\/wp\/v2\/posts\/1677\/revisions\/1679"}],"wp:featuredmedia":[{"embeddable":true,"href":"https:\/\/encuentroinformativo.com.mx\/index.php?rest_route=\/wp\/v2\/media\/1678"}],"wp:attachment":[{"href":"https:\/\/encuentroinformativo.com.mx\/index.php?rest_route=%2Fwp%2Fv2%2Fmedia&parent=1677"}],"wp:term":[{"taxonomy":"category","embeddable":true,"href":"https:\/\/encuentroinformativo.com.mx\/index.php?rest_route=%2Fwp%2Fv2%2Fcategories&post=1677"},{"taxonomy":"post_tag","embeddable":true,"href":"https:\/\/encuentroinformativo.com.mx\/index.php?rest_route=%2Fwp%2Fv2%2Ftags&post=1677"}],"curies":[{"name":"wp","href":"https:\/\/api.w.org\/{rel}","templated":true}]}}