{"id":16774,"date":"2021-07-24T12:10:12","date_gmt":"2021-07-24T17:10:12","guid":{"rendered":"https:\/\/encuentroinformativo.com.mx\/?p=16774"},"modified":"2021-07-24T12:10:15","modified_gmt":"2021-07-24T17:10:15","slug":"la-incertidumbre-del-regreso-a-clases","status":"publish","type":"post","link":"https:\/\/encuentroinformativo.com.mx\/?p=16774","title":{"rendered":"La incertidumbre del regreso a clases"},"content":{"rendered":"\n<p><strong>N\u00fameros Rojos<\/strong><\/p>\n\n\n\n<p><strong>Brenda Caballero<\/strong><\/p>\n\n\n\n<p>Las declaraciones del Presidente Andr\u00e9s Manuel L\u00f3pez Obrador sin duda pararon de pesta\u00f1as a m\u00e1s de una familia: \u201cNecesitamos pensar en los ni\u00f1os, necesitamos pensar en los adolescentes, y no s\u00f3lo cuidarlos, que hay que hacerlo para que no se contagien, sino cuidarlos tambi\u00e9n emocionalmente. Y la escuela es fundamental, es necesario que regresen a la escuela, es la mejor terapia para todos\u201d.<\/p>\n\n\n\n<p>Seguro el Presidente dice la verdad, la emociones y salud mental es primordial para ni\u00f1as y ni\u00f1os. Los peque\u00f1os y adolescentes que llevan m\u00e1s de un a\u00f1o sin asistir a la escuela, sin duda la extra\u00f1an, la necesitan, pues para algunos es un mejor ambiente que en sus propios hogares donde existen casos de maltrato y violencia. La escuela significa para muchas y muchos un escaparate que les permite tener \u201cotra vida\u201d, interactuar con sus amigos y muchas veces escuchar consejos de sus profesores.&nbsp;<\/p>\n\n\n\n<p>Sin embargo \u00bfexisten condiciones para el regreso a clases a finales de agosto? Definitivamente no. No las hay, se busque por donde se le busque. Ya los mismos expertos en epidemiolog\u00eda han expresado que mientras los ni\u00f1os no est\u00e9n vacunados existe el riesgo que sean los que porten el virus del Covid a sus hogares incluso sin tener s\u00edntomas. El mismo traslado a la escuela en el transporte p\u00fablico los vulnerar\u00eda completamente. \u00bfC\u00f3mo saber si sanitizan camiones, taxis, si muchos de ellos ni con verificaci\u00f3n ambiental cuentan?<\/p>\n\n\n\n<p>Ahora bien, no hay fecha para vacunar&nbsp; a ni\u00f1as y ni\u00f1os menores de 12 a\u00f1os, ya que Pfizer es la \u00fanica autorizada por la Agencia Europea del Medicamento (EMA), y apenas est\u00e1n en la fase de ensayo. Luego entonces, sin vacunaci\u00f3n educaci\u00f3n preescolar y educaci\u00f3n primaria tendr\u00edan que seguir con educaci\u00f3n en l\u00ednea.<\/p>\n\n\n\n<p>L\u00f3pez Obrador dijo tambi\u00e9n que ya no es posible tener a los ni\u00f1os encerrados en sus casas porque dependen de los aparatos y reciben informaci\u00f3n t\u00f3xica, lo que es cierto. Hoy muchos ni\u00f1os se pasan largas horas frente al televisor o en videojuegos, sin hacer ejercicio, solamente mueven sus dedos increment\u00e1ndose la obesidad infantil, lo que para varios padres es preferible que tener a sus hijos enfermos. \u201cMejor pagar luz que hospital y medicamentos\u201d, me dijo alguna vez una madre.<\/p>\n\n\n\n<p>En el caso de las adolescentes hay otro panorama. Se ha incrementado tanto su presencia en redes sociales que ya hasta amigos y novios virtuales tienen. \u00a1Y ojo aqu\u00ed! Porque delincuentes est\u00e1n creando perfiles falsos para enganchar, trasladar y luego explotar a sus v\u00edctimas. Por eso la recomendaci\u00f3n es que los padres o familiares supervisen el contenido que frecuentan sus hijas y tambi\u00e9n sus hijos.<\/p>\n\n\n\n<p>Apenas la semana pasada, el peri\u00f3dico Reforma realiz\u00f3 una encuesta sobre el regreso a clases v\u00eda telef\u00f3nica a 600 padres de familia y el 58 por ciento de los encuestados avalaba las clases h\u00edbridas (presenciales y a distancia), aunque se\u00f1alaban como principal desventaja el no tener la orientaci\u00f3n del maestro, y en segundo lugar, el acceso a internet.<\/p>\n\n\n\n<p>Para el 60 por ciento de los padres de familia, las clases en l\u00ednea se les ha complicado, aunque la prefieren ante los riesgos de contagio.<\/p>\n\n\n\n<p>Los padres se\u00f1alaron detectar en sus hijos afectaciones como enojo, ansiedad, tristeza, mayor miedo y depresi\u00f3n, sin embargo, el 77 por ciento de ellos no conoce Educatel, el tel\u00e9fono puesto a disposici\u00f3n por la SEP para apoyar a los estudiantes con s\u00edntomas emocionales a ra\u00edz de la pandemia que van desde ataques de ansiedad hasta la necesidad de ser escuchados. \u00bfY usted lo conoce? Si sabe de alguien que lo necesite, ac\u00e1 se lo dejo: 800 288 66 88 opci\u00f3n 2 con horario de atenci\u00f3n de lunes a viernes, de 8 de la ma\u00f1ana a 8 de la noche.<\/p>\n\n\n\n<p>En conclusi\u00f3n, quiz\u00e1s el Presidente tenga raz\u00f3n; s\u00ed es importante el regreso presencial a clases\u2026 pero quisiera saber qui\u00e9n es el padre o madre que va a firmar la responsiva si su hija o hijo se enferma en la escuela\u2026 \u00bfusted lo har\u00eda?<\/p>\n\n\n\n<p>@NumerosRojos_BC<\/p>\n\n\n\n<p><a rel=\"noreferrer noopener\" href=\"mailto:caballero_brenda@hotmail.com\" target=\"_blank\">caballero_brenda@hotmail.com<\/a><br><\/p>\n\n\n\n<figure class=\"wp-block-image size-large\"><img loading=\"lazy\" decoding=\"async\" width=\"1024\" height=\"554\" src=\"https:\/\/encuentroinformativo.com.mx\/wp-content\/uploads\/2021\/07\/3C1EBFA4-E08C-49E3-BF9E-67044059A50C-1024x554.jpeg\" alt=\"\" class=\"wp-image-16775\" srcset=\"https:\/\/encuentroinformativo.com.mx\/wp-content\/uploads\/2021\/07\/3C1EBFA4-E08C-49E3-BF9E-67044059A50C-1024x554.jpeg 1024w, https:\/\/encuentroinformativo.com.mx\/wp-content\/uploads\/2021\/07\/3C1EBFA4-E08C-49E3-BF9E-67044059A50C-300x162.jpeg 300w, https:\/\/encuentroinformativo.com.mx\/wp-content\/uploads\/2021\/07\/3C1EBFA4-E08C-49E3-BF9E-67044059A50C-768x416.jpeg 768w, https:\/\/encuentroinformativo.com.mx\/wp-content\/uploads\/2021\/07\/3C1EBFA4-E08C-49E3-BF9E-67044059A50C.jpeg 1242w\" sizes=\"auto, (max-width: 1024px) 100vw, 1024px\" \/><\/figure>\n","protected":false},"excerpt":{"rendered":"<p>N\u00fameros Rojos Brenda Caballero Las declaraciones del Presidente Andr\u00e9s Manuel L\u00f3pez Obrador sin duda pararon de pesta\u00f1as a m\u00e1s de una familia: \u201cNecesitamos pensar en los ni\u00f1os, necesitamos pensar en los adolescentes, y no s\u00f3lo cuidarlos, que hay que hacerlo para que no se contagien, sino cuidarlos tambi\u00e9n emocionalmente. Y la escuela es fundamental, es [&hellip;]<\/p>\n","protected":false},"author":1,"featured_media":387,"comment_status":"open","ping_status":"open","sticky":false,"template":"","format":"standard","meta":{"_jetpack_memberships_contains_paid_content":false,"footnotes":""},"categories":[11],"tags":[],"class_list":["post-16774","post","type-post","status-publish","format-standard","has-post-thumbnail","hentry","category-opinion"],"jetpack_featured_media_url":"https:\/\/encuentroinformativo.com.mx\/wp-content\/uploads\/2020\/03\/7CF8A22B-2764-47BE-8F7F-38FE9E5D6A2F.jpeg","jetpack_sharing_enabled":true,"jetpack_likes_enabled":true,"amp_enabled":true,"_links":{"self":[{"href":"https:\/\/encuentroinformativo.com.mx\/index.php?rest_route=\/wp\/v2\/posts\/16774","targetHints":{"allow":["GET"]}}],"collection":[{"href":"https:\/\/encuentroinformativo.com.mx\/index.php?rest_route=\/wp\/v2\/posts"}],"about":[{"href":"https:\/\/encuentroinformativo.com.mx\/index.php?rest_route=\/wp\/v2\/types\/post"}],"author":[{"embeddable":true,"href":"https:\/\/encuentroinformativo.com.mx\/index.php?rest_route=\/wp\/v2\/users\/1"}],"replies":[{"embeddable":true,"href":"https:\/\/encuentroinformativo.com.mx\/index.php?rest_route=%2Fwp%2Fv2%2Fcomments&post=16774"}],"version-history":[{"count":1,"href":"https:\/\/encuentroinformativo.com.mx\/index.php?rest_route=\/wp\/v2\/posts\/16774\/revisions"}],"predecessor-version":[{"id":16776,"href":"https:\/\/encuentroinformativo.com.mx\/index.php?rest_route=\/wp\/v2\/posts\/16774\/revisions\/16776"}],"wp:featuredmedia":[{"embeddable":true,"href":"https:\/\/encuentroinformativo.com.mx\/index.php?rest_route=\/wp\/v2\/media\/387"}],"wp:attachment":[{"href":"https:\/\/encuentroinformativo.com.mx\/index.php?rest_route=%2Fwp%2Fv2%2Fmedia&parent=16774"}],"wp:term":[{"taxonomy":"category","embeddable":true,"href":"https:\/\/encuentroinformativo.com.mx\/index.php?rest_route=%2Fwp%2Fv2%2Fcategories&post=16774"},{"taxonomy":"post_tag","embeddable":true,"href":"https:\/\/encuentroinformativo.com.mx\/index.php?rest_route=%2Fwp%2Fv2%2Ftags&post=16774"}],"curies":[{"name":"wp","href":"https:\/\/api.w.org\/{rel}","templated":true}]}}