{"id":16785,"date":"2021-07-24T16:01:20","date_gmt":"2021-07-24T21:01:20","guid":{"rendered":"https:\/\/encuentroinformativo.com.mx\/?p=16785"},"modified":"2021-07-24T16:01:26","modified_gmt":"2021-07-24T21:01:26","slug":"acompanara-edil-panista-gira-presidencial-para-supervisar-obras","status":"publish","type":"post","link":"https:\/\/encuentroinformativo.com.mx\/?p=16785","title":{"rendered":"Acompa\u00f1ara edil panista gira presidencial para supervisar obras"},"content":{"rendered":"\n<p><strong>Alejandro \u00c1vila<\/strong><\/p>\n\n\n\n<p>Veracruz, Ver.- Durante la gira de este fin de semana del presidente de la rep\u00fablica, Andr\u00e9s Manuel L\u00f3pez Obrador, por Veracruz puerto, el mandatario nacional aprovechar\u00e1 para supervisar las obras que se realizaron en la ciudad con recurso de SEDATU, mismas que se ejecutaron en poligonos de alta marginaci\u00f3n; en dicho recorrido, programado para este domingo 25 de julio, se har\u00e1 acompa\u00f1ar del alcalde, Fernando Yunes M\u00e1rquez, quien acaba de recuperarse de COVID-19.<\/p>\n\n\n\n<p>Cabe recordar que al municipio de Veracruz se le destinaron 230 millones de pesos en 2020, por medio de la Secretar\u00eda de Desarrollo Agrario, Territorial y Urbano (SEDATU), para la construcci\u00f3n de siete obras en poligonos de alta marginaci\u00f3n; quedando cuatro de estas, terminadas y entregadas en comodato al Ayuntamiento, en febrero pasado.<\/p>\n\n\n\n<p>Las obras concluidas se encuentran en la colonia Amapolas 1, fraccionamiento Los Torrentes, y dos en fraccionamiento La Florida; mientras que las obras que restan por concluir son, en la colonia Amapolas, Amapolas 2, y una m\u00e1s en el fraccionamiento Arboledas.<\/p>\n\n\n\n<p>El edil panista mencion\u00f3 que, ser\u00e1n estas \u00faltimas tres obras donde acompa\u00f1ar\u00e1 en el recorrido con el presidente Andr\u00e9s Manuel L\u00f3pez Obrador.&nbsp;<\/p>\n\n\n\n<p>Fernando Yunes M\u00e1rquez recibi\u00f3 este s\u00e1bado 24 de julio su prueba de COVID-19, misma que sali\u00f3 negativa, por lo que no tendr\u00e1 problema para acompa\u00f1ar a Andr\u00e9s Manuel L\u00f3pez Obrador este domingo; toda vez que se encuentra dado de alta del virus que le hab\u00eda sido confirmado el pasado 15 de julio.<\/p>\n","protected":false},"excerpt":{"rendered":"<p>Alejandro \u00c1vila Veracruz, Ver.- Durante la gira de este fin de semana del presidente de la rep\u00fablica, Andr\u00e9s Manuel L\u00f3pez Obrador, por Veracruz puerto, el mandatario nacional aprovechar\u00e1 para supervisar las obras que se realizaron en la ciudad con recurso de SEDATU, mismas que se ejecutaron en poligonos de alta marginaci\u00f3n; en dicho recorrido, programado [&hellip;]<\/p>\n","protected":false},"author":2476,"featured_media":16786,"comment_status":"open","ping_status":"open","sticky":false,"template":"","format":"standard","meta":{"_jetpack_memberships_contains_paid_content":false,"footnotes":""},"categories":[2],"tags":[],"class_list":["post-16785","post","type-post","status-publish","format-standard","has-post-thumbnail","hentry","category-estado"],"jetpack_featured_media_url":"https:\/\/encuentroinformativo.com.mx\/wp-content\/uploads\/2021\/07\/Fernando-Yunes-.jpg","jetpack_sharing_enabled":true,"jetpack_likes_enabled":true,"amp_enabled":true,"_links":{"self":[{"href":"https:\/\/encuentroinformativo.com.mx\/index.php?rest_route=\/wp\/v2\/posts\/16785","targetHints":{"allow":["GET"]}}],"collection":[{"href":"https:\/\/encuentroinformativo.com.mx\/index.php?rest_route=\/wp\/v2\/posts"}],"about":[{"href":"https:\/\/encuentroinformativo.com.mx\/index.php?rest_route=\/wp\/v2\/types\/post"}],"author":[{"embeddable":true,"href":"https:\/\/encuentroinformativo.com.mx\/index.php?rest_route=\/wp\/v2\/users\/2476"}],"replies":[{"embeddable":true,"href":"https:\/\/encuentroinformativo.com.mx\/index.php?rest_route=%2Fwp%2Fv2%2Fcomments&post=16785"}],"version-history":[{"count":1,"href":"https:\/\/encuentroinformativo.com.mx\/index.php?rest_route=\/wp\/v2\/posts\/16785\/revisions"}],"predecessor-version":[{"id":16787,"href":"https:\/\/encuentroinformativo.com.mx\/index.php?rest_route=\/wp\/v2\/posts\/16785\/revisions\/16787"}],"wp:featuredmedia":[{"embeddable":true,"href":"https:\/\/encuentroinformativo.com.mx\/index.php?rest_route=\/wp\/v2\/media\/16786"}],"wp:attachment":[{"href":"https:\/\/encuentroinformativo.com.mx\/index.php?rest_route=%2Fwp%2Fv2%2Fmedia&parent=16785"}],"wp:term":[{"taxonomy":"category","embeddable":true,"href":"https:\/\/encuentroinformativo.com.mx\/index.php?rest_route=%2Fwp%2Fv2%2Fcategories&post=16785"},{"taxonomy":"post_tag","embeddable":true,"href":"https:\/\/encuentroinformativo.com.mx\/index.php?rest_route=%2Fwp%2Fv2%2Ftags&post=16785"}],"curies":[{"name":"wp","href":"https:\/\/api.w.org\/{rel}","templated":true}]}}