{"id":16788,"date":"2021-07-24T17:47:50","date_gmt":"2021-07-24T22:47:50","guid":{"rendered":"https:\/\/encuentroinformativo.com.mx\/?p=16788"},"modified":"2021-07-24T17:47:58","modified_gmt":"2021-07-24T22:47:58","slug":"tras-atentado-grave-estado-de-salud-de-subprocurador-de-ambiente-gobernador","status":"publish","type":"post","link":"https:\/\/encuentroinformativo.com.mx\/?p=16788","title":{"rendered":"Tras atentado, \u201cgrave\u201d estado de salud de subprocurador de ambiente: Gobernador"},"content":{"rendered":"\n<p><strong>Redacci\u00f3n&nbsp;<\/strong><\/p>\n\n\n\n<p>Xalapa, Ver.- El gobernador Cuitl\u00e1huac Garc\u00eda Jimenez confirm\u00f3 que el subprocurador de Medio Ambiente, Ernesto Cuevas Hern\u00e1ndez, se encuentra \u201cgrave\u201d tras haber sido v\u00edctima de un atentado la noche del viernes tras transitar sobre la avenida Xalapa.<\/p>\n\n\n\n<p>En conferencia de prensa, el ejecutivo estatal fue cuestionado sobre el estado de salud que guarda el ex alcalde de Juchique de Ferrer y ex diputado local, conocido como \u201cGallo Bolo\u201d, ante lo cual se\u00f1ala que su estado de salud es grave pero afirm\u00f3 que hubo resultados con los operativos implementados.&nbsp;<\/p>\n\n\n\n<p>\u201cSu estado de salud es grave, lamento que se haya difundido que falleci\u00f3. Entiendo que fue al calor de la noticia, al momento\u2026 es entendible pero lamentable les pedir\u00eda que cuiden mucho su forma de comunicar para que no lastimen a la familia\u201d.<\/p>\n\n\n\n<p>Garc\u00eda Jim\u00e9nez afirm\u00f3 que hay avances pero por las investigaciones no puede dar detalles: \u201cHoy por la ma\u00f1ana hable con la fiscal me dice que hay avances importantes, ya no pudimos platicar\u2026en la mesa del d\u00eda lunes nos estaremos reuniendo para saber cuantas l\u00edneas de investigaci\u00f3n tiene. Lo que s\u00ed que con los operativos de ayer se obtuvieron resultados importantes\u201d.<\/p>\n\n\n\n<p>Debo ser cauto, dijo, hubo resultados del operativo importantes y hay colaboraci\u00f3n plena entre la polic\u00eda estatal y la Fiscal\u00eda, se dar\u00e1 con los responsables como se ha hecho en otros casos. &nbsp;<\/p>\n","protected":false},"excerpt":{"rendered":"<p>Redacci\u00f3n&nbsp; Xalapa, Ver.- El gobernador Cuitl\u00e1huac Garc\u00eda Jimenez confirm\u00f3 que el subprocurador de Medio Ambiente, Ernesto Cuevas Hern\u00e1ndez, se encuentra \u201cgrave\u201d tras haber sido v\u00edctima de un atentado la noche del viernes tras transitar sobre la avenida Xalapa. En conferencia de prensa, el ejecutivo estatal fue cuestionado sobre el estado de salud que guarda el [&hellip;]<\/p>\n","protected":false},"author":2476,"featured_media":13636,"comment_status":"open","ping_status":"open","sticky":false,"template":"","format":"standard","meta":{"_jetpack_memberships_contains_paid_content":false,"footnotes":""},"categories":[2],"tags":[],"class_list":["post-16788","post","type-post","status-publish","format-standard","has-post-thumbnail","hentry","category-estado"],"jetpack_featured_media_url":"https:\/\/encuentroinformativo.com.mx\/wp-content\/uploads\/2021\/05\/B0DD2045-F81E-4B62-B98F-3B6D05EBCA20.jpeg","jetpack_sharing_enabled":true,"jetpack_likes_enabled":true,"amp_enabled":true,"_links":{"self":[{"href":"https:\/\/encuentroinformativo.com.mx\/index.php?rest_route=\/wp\/v2\/posts\/16788","targetHints":{"allow":["GET"]}}],"collection":[{"href":"https:\/\/encuentroinformativo.com.mx\/index.php?rest_route=\/wp\/v2\/posts"}],"about":[{"href":"https:\/\/encuentroinformativo.com.mx\/index.php?rest_route=\/wp\/v2\/types\/post"}],"author":[{"embeddable":true,"href":"https:\/\/encuentroinformativo.com.mx\/index.php?rest_route=\/wp\/v2\/users\/2476"}],"replies":[{"embeddable":true,"href":"https:\/\/encuentroinformativo.com.mx\/index.php?rest_route=%2Fwp%2Fv2%2Fcomments&post=16788"}],"version-history":[{"count":1,"href":"https:\/\/encuentroinformativo.com.mx\/index.php?rest_route=\/wp\/v2\/posts\/16788\/revisions"}],"predecessor-version":[{"id":16789,"href":"https:\/\/encuentroinformativo.com.mx\/index.php?rest_route=\/wp\/v2\/posts\/16788\/revisions\/16789"}],"wp:featuredmedia":[{"embeddable":true,"href":"https:\/\/encuentroinformativo.com.mx\/index.php?rest_route=\/wp\/v2\/media\/13636"}],"wp:attachment":[{"href":"https:\/\/encuentroinformativo.com.mx\/index.php?rest_route=%2Fwp%2Fv2%2Fmedia&parent=16788"}],"wp:term":[{"taxonomy":"category","embeddable":true,"href":"https:\/\/encuentroinformativo.com.mx\/index.php?rest_route=%2Fwp%2Fv2%2Fcategories&post=16788"},{"taxonomy":"post_tag","embeddable":true,"href":"https:\/\/encuentroinformativo.com.mx\/index.php?rest_route=%2Fwp%2Fv2%2Ftags&post=16788"}],"curies":[{"name":"wp","href":"https:\/\/api.w.org\/{rel}","templated":true}]}}