{"id":16794,"date":"2021-07-24T20:01:31","date_gmt":"2021-07-25T01:01:31","guid":{"rendered":"https:\/\/encuentroinformativo.com.mx\/?p=16794"},"modified":"2021-07-24T20:01:34","modified_gmt":"2021-07-25T01:01:34","slug":"en-agosto-se-reanudaran-clases-presenciales-amlo","status":"publish","type":"post","link":"https:\/\/encuentroinformativo.com.mx\/?p=16794","title":{"rendered":"En agosto se reanudar\u00e1n clases presenciales: AMLO"},"content":{"rendered":"\n<p><strong>Redacci\u00f3n\u00a0<\/strong><\/p>\n\n\n\n<p>Boca del R\u00edo, Ver.- \u201cVamos a prepararnos para retornar a clases presenciales a finales de agosto\u201d as\u00ed lo advirti\u00f3 el presidente de la Rep\u00fablica, Andr\u00e9s Manuel L\u00f3pez Obrador durante su gira por Veracruz.<\/p>\n\n\n\n<p>Durante su mensaje la tarde de este s\u00e1bado, el ejecutivo federal se\u00f1al\u00f3 que llueva o relampaguee, las escuelas ya no seguir\u00e1n cerradas en el pa\u00eds por lo que se prepara el regreso a clases.&nbsp;<\/p>\n\n\n\n<p><strong>\u201c<\/strong>Vamos a reiniciar las clases, va a iniciar el nuevo ciclo escolar a finales de agosto, llueva, truene o relampaguee, no vamos a mantener cerradas las escuelas ya fue bastante. M\u00e9xico es con Bangladesh el pa\u00eds que mas tiempo lleva con las escuelas cerradas y esto no es bueno\u201d.&nbsp;<\/p>\n\n\n\n<p>Vamos a prepararnos para regresar a clases porque nada sustituye las clases presenciales, es bueno el sistema de educaci\u00f3n a distancia pero no es lo mismo,&nbsp; enfatiz\u00f3.<\/p>\n\n\n\n<p>L\u00f3pez Obrador afirm\u00f3 que debido a que la escuela es donde se socializa es que se requiere reactivar las clases presenciales.<\/p>\n\n\n\n<p>\u201cLa escuela es el segundo hogar es donde se socializa el conocimiento y donde se aprende con la participaci\u00f3n de maestras, maestros, padres de familia\u201d.<\/p>\n","protected":false},"excerpt":{"rendered":"<p>Redacci\u00f3n\u00a0 Boca del R\u00edo, Ver.- \u201cVamos a prepararnos para retornar a clases presenciales a finales de agosto\u201d as\u00ed lo advirti\u00f3 el presidente de la Rep\u00fablica, Andr\u00e9s Manuel L\u00f3pez Obrador durante su gira por Veracruz. Durante su mensaje la tarde de este s\u00e1bado, el ejecutivo federal se\u00f1al\u00f3 que llueva o relampaguee, las escuelas ya no seguir\u00e1n [&hellip;]<\/p>\n","protected":false},"author":2476,"featured_media":16791,"comment_status":"open","ping_status":"open","sticky":false,"template":"","format":"standard","meta":{"_jetpack_memberships_contains_paid_content":false,"footnotes":""},"categories":[2],"tags":[],"class_list":["post-16794","post","type-post","status-publish","format-standard","has-post-thumbnail","hentry","category-estado"],"jetpack_featured_media_url":"https:\/\/encuentroinformativo.com.mx\/wp-content\/uploads\/2021\/07\/326D92BB-6843-497E-859F-78B9ADDAF5A3.jpeg","jetpack_sharing_enabled":true,"jetpack_likes_enabled":true,"amp_enabled":true,"_links":{"self":[{"href":"https:\/\/encuentroinformativo.com.mx\/index.php?rest_route=\/wp\/v2\/posts\/16794","targetHints":{"allow":["GET"]}}],"collection":[{"href":"https:\/\/encuentroinformativo.com.mx\/index.php?rest_route=\/wp\/v2\/posts"}],"about":[{"href":"https:\/\/encuentroinformativo.com.mx\/index.php?rest_route=\/wp\/v2\/types\/post"}],"author":[{"embeddable":true,"href":"https:\/\/encuentroinformativo.com.mx\/index.php?rest_route=\/wp\/v2\/users\/2476"}],"replies":[{"embeddable":true,"href":"https:\/\/encuentroinformativo.com.mx\/index.php?rest_route=%2Fwp%2Fv2%2Fcomments&post=16794"}],"version-history":[{"count":1,"href":"https:\/\/encuentroinformativo.com.mx\/index.php?rest_route=\/wp\/v2\/posts\/16794\/revisions"}],"predecessor-version":[{"id":16795,"href":"https:\/\/encuentroinformativo.com.mx\/index.php?rest_route=\/wp\/v2\/posts\/16794\/revisions\/16795"}],"wp:featuredmedia":[{"embeddable":true,"href":"https:\/\/encuentroinformativo.com.mx\/index.php?rest_route=\/wp\/v2\/media\/16791"}],"wp:attachment":[{"href":"https:\/\/encuentroinformativo.com.mx\/index.php?rest_route=%2Fwp%2Fv2%2Fmedia&parent=16794"}],"wp:term":[{"taxonomy":"category","embeddable":true,"href":"https:\/\/encuentroinformativo.com.mx\/index.php?rest_route=%2Fwp%2Fv2%2Fcategories&post=16794"},{"taxonomy":"post_tag","embeddable":true,"href":"https:\/\/encuentroinformativo.com.mx\/index.php?rest_route=%2Fwp%2Fv2%2Ftags&post=16794"}],"curies":[{"name":"wp","href":"https:\/\/api.w.org\/{rel}","templated":true}]}}