{"id":16799,"date":"2021-07-25T16:26:48","date_gmt":"2021-07-25T21:26:48","guid":{"rendered":"https:\/\/encuentroinformativo.com.mx\/?p=16799"},"modified":"2021-07-25T16:26:52","modified_gmt":"2021-07-25T21:26:52","slug":"seguridad-agrede-a-joven-que-pedia-ayuda-al-presidente","status":"publish","type":"post","link":"https:\/\/encuentroinformativo.com.mx\/?p=16799","title":{"rendered":"Seguridad agrede a joven que ped\u00eda ayuda al presidente"},"content":{"rendered":"\n<p><strong>Juan Arcos<\/strong> <\/p>\n\n\n\n<p>Xalapa, Ver.- Un joven de 15 a\u00f1os dijo haber sido agredido cuando se manifestaba en la visita del presidente de la Rep\u00fablica, Andr\u00e9s Manuel L\u00f3pez Obrador, a la ciudad de Xalapa.<\/p>\n\n\n\n<p>El chico exig\u00eda la reinstalaci\u00f3n de su madre como trabajadora de intendencia en el Congreso del Estado de Veracruz, afuera del cuartel de Guardia Nacional que fue inaugurado este domingo por el mandatario federal.<\/p>\n\n\n\n<p>Luis Baruch intent\u00f3 entregar un documento a L\u00f3pez Obrador pero fue jaloneado por un sujeto, vestido de civil, hasta quedar en el suelo.<\/p>\n\n\n\n<p>\u201cYo nadam\u00e1s ped\u00eda que le regresaran el trabajo a mi mam\u00e1 porque la despidieron\u201d, expres\u00f3.<\/p>\n\n\n\n<p>Mencion\u00f3 que le rompieron su playera entre el jaloneo para impedir que se acercara al Presidente de M\u00e9xico.<\/p>\n\n\n\n<p>De acuerdo con su madre Rosa Aurora Gonz\u00e1lez, carecen de recursos econ\u00f3micos para que el menor pueda continuar sus estudios de preparatoria.<\/p>\n\n\n\n<p>\u201cPor eso vine a suplicarle al presidente en una carta que me ayuden, que nos ayuden porque quiere entrar a la prepa\u201d, expres\u00f3 la mujer.<\/p>\n\n\n\n<p>El joven agredido intentaba pedir apoyo para que su madre regresara a laborar como personal de limpieza en el Congreso de Veracruz, toda vez que fue despedida hace unas semanas tras exhibir que eran violentados los derechos de los trabajadores.<\/p>\n\n\n\n<p>Aurora Gonz\u00e1lez protest\u00f3 el pasado 2 de mayo en una sesi\u00f3n legislativa para pedir apoyo de las diputadas y diputados, en busca de mejores condiciones laborales.<br>Sin embargo, unos d\u00edas despu\u00e9s, fue despedida de manera injustificada, argument\u00f3, s\u00f3lo por el hecho de haberse manifestado.<\/p>\n","protected":false},"excerpt":{"rendered":"<p>Juan Arcos Xalapa, Ver.- Un joven de 15 a\u00f1os dijo haber sido agredido cuando se manifestaba en la visita del presidente de la Rep\u00fablica, Andr\u00e9s Manuel L\u00f3pez Obrador, a la ciudad de Xalapa. El chico exig\u00eda la reinstalaci\u00f3n de su madre como trabajadora de intendencia en el Congreso del Estado de Veracruz, afuera del cuartel [&hellip;]<\/p>\n","protected":false},"author":1,"featured_media":16800,"comment_status":"open","ping_status":"open","sticky":false,"template":"","format":"standard","meta":{"_jetpack_memberships_contains_paid_content":false,"footnotes":""},"categories":[3],"tags":[],"class_list":["post-16799","post","type-post","status-publish","format-standard","has-post-thumbnail","hentry","category-xalapa"],"jetpack_featured_media_url":"https:\/\/encuentroinformativo.com.mx\/wp-content\/uploads\/2021\/07\/72737906-6414-4D20-A56C-F83110848FD3.jpeg","jetpack_sharing_enabled":true,"jetpack_likes_enabled":true,"amp_enabled":true,"_links":{"self":[{"href":"https:\/\/encuentroinformativo.com.mx\/index.php?rest_route=\/wp\/v2\/posts\/16799","targetHints":{"allow":["GET"]}}],"collection":[{"href":"https:\/\/encuentroinformativo.com.mx\/index.php?rest_route=\/wp\/v2\/posts"}],"about":[{"href":"https:\/\/encuentroinformativo.com.mx\/index.php?rest_route=\/wp\/v2\/types\/post"}],"author":[{"embeddable":true,"href":"https:\/\/encuentroinformativo.com.mx\/index.php?rest_route=\/wp\/v2\/users\/1"}],"replies":[{"embeddable":true,"href":"https:\/\/encuentroinformativo.com.mx\/index.php?rest_route=%2Fwp%2Fv2%2Fcomments&post=16799"}],"version-history":[{"count":1,"href":"https:\/\/encuentroinformativo.com.mx\/index.php?rest_route=\/wp\/v2\/posts\/16799\/revisions"}],"predecessor-version":[{"id":16801,"href":"https:\/\/encuentroinformativo.com.mx\/index.php?rest_route=\/wp\/v2\/posts\/16799\/revisions\/16801"}],"wp:featuredmedia":[{"embeddable":true,"href":"https:\/\/encuentroinformativo.com.mx\/index.php?rest_route=\/wp\/v2\/media\/16800"}],"wp:attachment":[{"href":"https:\/\/encuentroinformativo.com.mx\/index.php?rest_route=%2Fwp%2Fv2%2Fmedia&parent=16799"}],"wp:term":[{"taxonomy":"category","embeddable":true,"href":"https:\/\/encuentroinformativo.com.mx\/index.php?rest_route=%2Fwp%2Fv2%2Fcategories&post=16799"},{"taxonomy":"post_tag","embeddable":true,"href":"https:\/\/encuentroinformativo.com.mx\/index.php?rest_route=%2Fwp%2Fv2%2Ftags&post=16799"}],"curies":[{"name":"wp","href":"https:\/\/api.w.org\/{rel}","templated":true}]}}