{"id":16822,"date":"2021-07-26T12:12:18","date_gmt":"2021-07-26T17:12:18","guid":{"rendered":"https:\/\/encuentroinformativo.com.mx\/?p=16822"},"modified":"2021-07-26T12:12:22","modified_gmt":"2021-07-26T17:12:22","slug":"veracruz-en-primeros-lugares-por-robo-de-gas","status":"publish","type":"post","link":"https:\/\/encuentroinformativo.com.mx\/?p=16822","title":{"rendered":"Veracruz, en primeros lugares por robo de gas"},"content":{"rendered":"\n<p><strong>Dar\u00edo Pale<\/strong><\/p>\n\n\n\n<p>Xalapa, Ver.- Durante la conferencia ma\u00f1anera realizada en el puerto de Veracruz el presidente de M\u00e9xico Andr\u00e9s Manuel L\u00f3pez Obrador se\u00f1al\u00f3 que es cierto que Veracruz se ubica entre las 10 entidades con m\u00e1s robo de gas LP.<\/p>\n\n\n\n<p>Al referirse a las declaraciones del presidente ejecutivo de la Asociaci\u00f3n Mexicana de Distribuidores de la Gas LP (Amexgas), Carlos Serrano Farrera, dijo &#8220;s\u00ed hay tambi\u00e9n huachicol en lo que tiene que ver con el gas&#8221;.<\/p>\n\n\n\n<p>Sostuvo que dicho delito se combate constantemente, pero dijo que no contaba con los datos estad\u00edsticos, &#8220;pero es cierto lo que dice el representante de las empresas gaseras. S\u00ed hay huachicol, se est\u00e1 combatiendo constantemente&#8221;.<\/p>\n\n\n\n<p>En otro orden de ideas en cuanto al <em>Gas Bienestar<\/em>, anunci\u00f3 que iniciar\u00e1 a m\u00e1s tardar en dos meses en la Ciudad de M\u00e9xico, pero se ir\u00e1 ampliando a todo el Pa\u00eds, sobre todo en las grandes ciudades, del sureste que llegar\u00e1 a Veracruz.<\/p>\n\n\n\n<p>Adelant\u00f3 que el banderazo de salida ser\u00e1 en Iztapalapa y para ello ya se est\u00e1n haciendo las instalaciones para atender a todo el Valle de M\u00e9xico.<\/p>\n\n\n\n<p>&#8220;Es muy probable que aqu\u00ed en Veracruz haya una instalaci\u00f3n. Esto significa un lugar para que llegue el gas, se cargue, que est\u00e9n los cilindros y se distribuya en Veracruz, en Boca del R\u00edo, en toda la zona urbana de estos dos municipios, lo mismo va a suceder en Xalapa y las grandes ciudades de Veracruz y se va a ir extendiendo a que llegue a todas las familias&#8221;, subray\u00f3.<\/p>\n\n\n\n<p>Finalmente, el presidente coment\u00f3 que en en la entidad veracruzana habr\u00e1 una instalaci\u00f3n para que llegue el gas, se carguen los cilindros para posteriormente distribuir por la zona conurbada de Veracruz-Boca del R\u00edo adem\u00e1s de Xalapa y las grandes ciudades del estado.<\/p>\n","protected":false},"excerpt":{"rendered":"<p>Dar\u00edo Pale Xalapa, Ver.- Durante la conferencia ma\u00f1anera realizada en el puerto de Veracruz el presidente de M\u00e9xico Andr\u00e9s Manuel L\u00f3pez Obrador se\u00f1al\u00f3 que es cierto que Veracruz se ubica entre las 10 entidades con m\u00e1s robo de gas LP. Al referirse a las declaraciones del presidente ejecutivo de la Asociaci\u00f3n Mexicana de Distribuidores de [&hellip;]<\/p>\n","protected":false},"author":1,"featured_media":16817,"comment_status":"open","ping_status":"open","sticky":false,"template":"","format":"standard","meta":{"_jetpack_memberships_contains_paid_content":false,"footnotes":""},"categories":[2],"tags":[],"class_list":["post-16822","post","type-post","status-publish","format-standard","has-post-thumbnail","hentry","category-estado"],"jetpack_featured_media_url":"https:\/\/encuentroinformativo.com.mx\/wp-content\/uploads\/2021\/07\/40A35736-549E-4A35-B80A-D64DC4E13D24.jpeg","jetpack_sharing_enabled":true,"jetpack_likes_enabled":true,"amp_enabled":true,"_links":{"self":[{"href":"https:\/\/encuentroinformativo.com.mx\/index.php?rest_route=\/wp\/v2\/posts\/16822","targetHints":{"allow":["GET"]}}],"collection":[{"href":"https:\/\/encuentroinformativo.com.mx\/index.php?rest_route=\/wp\/v2\/posts"}],"about":[{"href":"https:\/\/encuentroinformativo.com.mx\/index.php?rest_route=\/wp\/v2\/types\/post"}],"author":[{"embeddable":true,"href":"https:\/\/encuentroinformativo.com.mx\/index.php?rest_route=\/wp\/v2\/users\/1"}],"replies":[{"embeddable":true,"href":"https:\/\/encuentroinformativo.com.mx\/index.php?rest_route=%2Fwp%2Fv2%2Fcomments&post=16822"}],"version-history":[{"count":1,"href":"https:\/\/encuentroinformativo.com.mx\/index.php?rest_route=\/wp\/v2\/posts\/16822\/revisions"}],"predecessor-version":[{"id":16823,"href":"https:\/\/encuentroinformativo.com.mx\/index.php?rest_route=\/wp\/v2\/posts\/16822\/revisions\/16823"}],"wp:featuredmedia":[{"embeddable":true,"href":"https:\/\/encuentroinformativo.com.mx\/index.php?rest_route=\/wp\/v2\/media\/16817"}],"wp:attachment":[{"href":"https:\/\/encuentroinformativo.com.mx\/index.php?rest_route=%2Fwp%2Fv2%2Fmedia&parent=16822"}],"wp:term":[{"taxonomy":"category","embeddable":true,"href":"https:\/\/encuentroinformativo.com.mx\/index.php?rest_route=%2Fwp%2Fv2%2Fcategories&post=16822"},{"taxonomy":"post_tag","embeddable":true,"href":"https:\/\/encuentroinformativo.com.mx\/index.php?rest_route=%2Fwp%2Fv2%2Ftags&post=16822"}],"curies":[{"name":"wp","href":"https:\/\/api.w.org\/{rel}","templated":true}]}}