{"id":16824,"date":"2021-07-26T12:45:12","date_gmt":"2021-07-26T17:45:12","guid":{"rendered":"https:\/\/encuentroinformativo.com.mx\/?p=16824"},"modified":"2021-07-26T12:45:25","modified_gmt":"2021-07-26T17:45:25","slug":"demandan-ambulantes-frenar-abuso-de-inspectores-de-comercio","status":"publish","type":"post","link":"https:\/\/encuentroinformativo.com.mx\/?p=16824","title":{"rendered":"Demandan ambulantes frenar abuso de inspectores de comercio"},"content":{"rendered":"\n<p><strong>Juan Arcos<\/strong><\/p>\n\n\n\n<p>Xalapa, Ver.- Decenas de vendedores ambulantes marcharon en el centro de la ciudad y bloquearon durante unos minutos la calle Juan de la Luz Enr\u00edquez, para exigir que cesen los abusos por parte de los inspectores de comercio.<\/p>\n\n\n\n<p>Se trata de integrantes del Frente \u00danico de Vendedores Ambulantes, que est\u00e1 conformado por organizaciones, entre ellas Vendedores Independientes Veracruzanos (VIVE), Frente Popular Veracruzano (FPR) y MILES.<\/p>\n\n\n\n<p>Los quejosos se concentraron en el puente Xallitic para caminar hacia Palacio de Gobierno, donde entregaron un pliego petitorio dirigido al gobernador Cuitl\u00e1huac Garc\u00eda Jim\u00e9nez. Posteriormente, se trasladaron a las oficinas de la Comisi\u00f3n Estatal de Derechos Humanos (CEDH) para presentar las quejas correspondientes por las agresiones que han padecido por parte del Departamento de Inspecci\u00f3n y Atenci\u00f3n Comercial (DIAC).<\/p>\n\n\n\n<p>De acuerdo con Gregorio Castel\u00e1n Mart\u00ednez, representante del VIVE, durante este a\u00f1o han sido agredidos entre 30 y 40 comerciantes informales en el Centro Hist\u00f3rico de la capital del estado.<\/p>\n\n\n\n<p>El entrevistado detall\u00f3 que el personal de la Subdirecci\u00f3n de Comercio les ha incautado la mercanc\u00eda, mediante jaloneos, sin entregar un oficio donde quede se\u00f1alado la cantidad y el tipo de art\u00edculos que fueron decomisados.<\/p>\n\n\n\n<p>A\u00f1adi\u00f3 que cuando los comerciantes acuden a recoger su mercanc\u00eda les cobran multas excesivas, que van de los mil 500 a los 2 mil pesos y, pese a ello, les entregan los productos incompletos.<\/p>\n\n\n\n<p>Record\u00f3 que la semana pasada circularon videos en redes sociales donde se observa a los servidores p\u00fablicos jaloneando y arrebatando mercanc\u00eda a un comerciante sobre la calle Doctor Rafael Lucio.<\/p>\n\n\n\n<p>\u201cAlgunos compa\u00f1eros venden fruta perecederos, otros venden ch\u00e1charas, cubrebocas, novedades. El video fue del martes o mi\u00e9rcoles\u201d, expres\u00f3.<\/p>\n\n\n\n<p>Por su parte, el l\u00edder del FPR, Magno M\u00e9ndez Gallardo, solicit\u00f3 la destituci\u00f3n de Ana Dixon Acosta, encargada del Departamento de Inspecci\u00f3n y Atenci\u00f3n Comercial, a quien acus\u00f3 de prepotente y de robar sus productos a los vendedores ambulantes.<\/p>\n\n\n\n<p>Cabe recordar que el reglamento municipal y diversos acuerdos de Cabildo proh\u00edben el comercio informal en el Centro Hist\u00f3rico de la ciudad.<\/p>\n\n\n\n<figure class=\"wp-block-image size-large\"><img loading=\"lazy\" decoding=\"async\" width=\"1024\" height=\"576\" src=\"https:\/\/encuentroinformativo.com.mx\/wp-content\/uploads\/2021\/07\/15316440-1266-4E34-A2D1-C9D17806CFA8-1024x576.jpeg\" alt=\"\" class=\"wp-image-16826\" srcset=\"https:\/\/encuentroinformativo.com.mx\/wp-content\/uploads\/2021\/07\/15316440-1266-4E34-A2D1-C9D17806CFA8-1024x576.jpeg 1024w, https:\/\/encuentroinformativo.com.mx\/wp-content\/uploads\/2021\/07\/15316440-1266-4E34-A2D1-C9D17806CFA8-300x169.jpeg 300w, https:\/\/encuentroinformativo.com.mx\/wp-content\/uploads\/2021\/07\/15316440-1266-4E34-A2D1-C9D17806CFA8-768x432.jpeg 768w, https:\/\/encuentroinformativo.com.mx\/wp-content\/uploads\/2021\/07\/15316440-1266-4E34-A2D1-C9D17806CFA8-1536x864.jpeg 1536w, https:\/\/encuentroinformativo.com.mx\/wp-content\/uploads\/2021\/07\/15316440-1266-4E34-A2D1-C9D17806CFA8.jpeg 1600w\" sizes=\"auto, (max-width: 1024px) 100vw, 1024px\" \/><\/figure>\n","protected":false},"excerpt":{"rendered":"<p>Juan Arcos Xalapa, Ver.- Decenas de vendedores ambulantes marcharon en el centro de la ciudad y bloquearon durante unos minutos la calle Juan de la Luz Enr\u00edquez, para exigir que cesen los abusos por parte de los inspectores de comercio. Se trata de integrantes del Frente \u00danico de Vendedores Ambulantes, que est\u00e1 conformado por organizaciones, [&hellip;]<\/p>\n","protected":false},"author":1,"featured_media":16825,"comment_status":"open","ping_status":"open","sticky":false,"template":"","format":"standard","meta":{"_jetpack_memberships_contains_paid_content":false,"footnotes":""},"categories":[3],"tags":[],"class_list":["post-16824","post","type-post","status-publish","format-standard","has-post-thumbnail","hentry","category-xalapa"],"jetpack_featured_media_url":"https:\/\/encuentroinformativo.com.mx\/wp-content\/uploads\/2021\/07\/4D38E128-5307-4F13-94D3-7D1BFAF8D0A9.jpeg","jetpack_sharing_enabled":true,"jetpack_likes_enabled":true,"amp_enabled":true,"_links":{"self":[{"href":"https:\/\/encuentroinformativo.com.mx\/index.php?rest_route=\/wp\/v2\/posts\/16824","targetHints":{"allow":["GET"]}}],"collection":[{"href":"https:\/\/encuentroinformativo.com.mx\/index.php?rest_route=\/wp\/v2\/posts"}],"about":[{"href":"https:\/\/encuentroinformativo.com.mx\/index.php?rest_route=\/wp\/v2\/types\/post"}],"author":[{"embeddable":true,"href":"https:\/\/encuentroinformativo.com.mx\/index.php?rest_route=\/wp\/v2\/users\/1"}],"replies":[{"embeddable":true,"href":"https:\/\/encuentroinformativo.com.mx\/index.php?rest_route=%2Fwp%2Fv2%2Fcomments&post=16824"}],"version-history":[{"count":1,"href":"https:\/\/encuentroinformativo.com.mx\/index.php?rest_route=\/wp\/v2\/posts\/16824\/revisions"}],"predecessor-version":[{"id":16827,"href":"https:\/\/encuentroinformativo.com.mx\/index.php?rest_route=\/wp\/v2\/posts\/16824\/revisions\/16827"}],"wp:featuredmedia":[{"embeddable":true,"href":"https:\/\/encuentroinformativo.com.mx\/index.php?rest_route=\/wp\/v2\/media\/16825"}],"wp:attachment":[{"href":"https:\/\/encuentroinformativo.com.mx\/index.php?rest_route=%2Fwp%2Fv2%2Fmedia&parent=16824"}],"wp:term":[{"taxonomy":"category","embeddable":true,"href":"https:\/\/encuentroinformativo.com.mx\/index.php?rest_route=%2Fwp%2Fv2%2Fcategories&post=16824"},{"taxonomy":"post_tag","embeddable":true,"href":"https:\/\/encuentroinformativo.com.mx\/index.php?rest_route=%2Fwp%2Fv2%2Ftags&post=16824"}],"curies":[{"name":"wp","href":"https:\/\/api.w.org\/{rel}","templated":true}]}}