{"id":16828,"date":"2021-07-26T13:10:21","date_gmt":"2021-07-26T18:10:21","guid":{"rendered":"https:\/\/encuentroinformativo.com.mx\/?p=16828"},"modified":"2021-07-26T13:10:25","modified_gmt":"2021-07-26T18:10:25","slug":"tendra-veracruz-30-cuarteles-de-la-guardia-nacional-amlo","status":"publish","type":"post","link":"https:\/\/encuentroinformativo.com.mx\/?p=16828","title":{"rendered":"Tendr\u00e1 Veracruz 30 cuarteles de la Guardia Nacional: AMLO"},"content":{"rendered":"\n<p><strong>Redacci\u00f3n\/Dar\u00edo Pale<\/strong><\/p>\n\n\n\n<p>Veracruz, Ver.- El estado de Veracruz contar\u00e1 con m\u00e1s espacios de la Guardia Nacional, haciendo un total de 31 cuarteles as\u00ed lo afirm\u00f3 el presidente Andr\u00e9s Manuel L\u00f3pez Obrador la ma\u00f1ana de este lunes.<\/p>\n\n\n\n<p>En conferencia de prensa, el mandatario federal record\u00f3 que durante su gira del fin de semana, en la capital del estado, Xalapa, se inauguraron nuevas instalaciones de la Guardia Nacional que atender\u00e1n a los municipios de la regi\u00f3n.<\/p>\n\n\n\n<p>Motivo por el cual se\u00f1al\u00f3: \u201cSe tuvo un acuerdo para aumentar el presupuesto de la Guardia Nacional en 50 mil millones de pesos, vamos a incrementar el n\u00famero de elementos para la Guardia Nacional desde luego formados, capacitados, vamos tambi\u00e9n a construir m\u00e1s instalaciones, originalmente eran 266 instalaciones, ya llevamos terminadas un poco m\u00e1s de 180, ayer inauguramos uno en Xalapa\u201d.<\/p>\n\n\n\n<p>Aqu\u00ed en Veracruz, dijo, son 11 cuarteles tenemos terminados cinco, est\u00e1n en proceso seis, pero vamos aumentar a 20 m\u00e1s en Veracruz con el nuevo plan de fortalecimiento de la Guardia, poniendo el ejemplo de Veracruz van a ser 31 cuarteles en las distintas regiones del estado, con Guardia Nacional.<\/p>\n\n\n\n<p>El ejecutivo federal afirm\u00f3 que la entidad veracruzana est\u00e1 recibiendo \u201cun trato especial\u201d para atender el tema de la seguridad.<\/p>\n\n\n\n<p><strong>Laguna Verde \u201cSegura\u201d<\/strong><br>En otro orden de ideas, el presidente de M\u00e9xico dio a conocer durante su conferencia ma\u00f1anera que la Central Nucleoel\u00e9ctrica de Laguna Verde est\u00e1 en muy buen estado, no existe ning\u00fan riesgo para la poblaci\u00f3n, adem\u00e1s de que constantemente se le da mantenimiento.<\/p>\n\n\n\n<p>Durante la conferencia se\u00f1al\u00f3 que, &#8220;no hay ning\u00fan riesgo, si hubiese riesgo, la cerramos, pero no hay riesgo&#8221;, no obstante coment\u00f3 que la nota del peri\u00f3dico El Pa\u00eds, la calific\u00f3 de sensacionalista y amarillista.<\/p>\n\n\n\n<p>\u201cLos directivos de Comisi\u00f3n Federal de Electricidad rindieron un informe. Yo voy a pedir a Comunicaci\u00f3n Social que hoy mismo d\u00e9 a conocer un informe actualizado para que haya seguridad y no haya ning\u00fan riesgo&#8221;, coment\u00f3.<\/p>\n\n\n\n<p>&#8220;Nosotros necesitamos esa plata porque se genera energ\u00eda el\u00e9ctrica. Con los gobiernos neoliberales se apost\u00f3 a destruir a la CFE, por eso tambi\u00e9n son est\u00e1s campa\u00f1as, porque quisieran que la Comisi\u00f3n no generara energ\u00eda y toda la energ\u00eda la vendieran las plantas particulares y extranjeras sobre todo y en especial Iberdrola&#8221;, agreg\u00f3.<\/p>\n\n\n\n<p>El Mandatario enfatiz\u00f3 que es necesario contar con la CFE y para ello se est\u00e1n modernizando las plantas, se cambien turbinas sin que se produzcan da\u00f1os, indic\u00f3 que la Central de Laguna Verde recibir\u00e1 mantenimiento como el resto de las instalaciones de la CFE.<\/p>\n\n\n\n<p>Finalmente en dicho tema L\u00f3pez Obrador coment\u00f3 que si la CFE desapareciera habr\u00eda un descontrol en los precios del servicio.<\/p>\n","protected":false},"excerpt":{"rendered":"<p>Redacci\u00f3n\/Dar\u00edo Pale Veracruz, Ver.- El estado de Veracruz contar\u00e1 con m\u00e1s espacios de la Guardia Nacional, haciendo un total de 31 cuarteles as\u00ed lo afirm\u00f3 el presidente Andr\u00e9s Manuel L\u00f3pez Obrador la ma\u00f1ana de este lunes. En conferencia de prensa, el mandatario federal record\u00f3 que durante su gira del fin de semana, en la capital [&hellip;]<\/p>\n","protected":false},"author":1,"featured_media":16829,"comment_status":"open","ping_status":"open","sticky":false,"template":"","format":"standard","meta":{"_jetpack_memberships_contains_paid_content":false,"footnotes":""},"categories":[2],"tags":[],"class_list":["post-16828","post","type-post","status-publish","format-standard","has-post-thumbnail","hentry","category-estado"],"jetpack_featured_media_url":"https:\/\/encuentroinformativo.com.mx\/wp-content\/uploads\/2021\/07\/A6D55E8F-A1AB-4E32-A7CB-08A935CC70CF.jpeg","jetpack_sharing_enabled":true,"jetpack_likes_enabled":true,"amp_enabled":true,"_links":{"self":[{"href":"https:\/\/encuentroinformativo.com.mx\/index.php?rest_route=\/wp\/v2\/posts\/16828","targetHints":{"allow":["GET"]}}],"collection":[{"href":"https:\/\/encuentroinformativo.com.mx\/index.php?rest_route=\/wp\/v2\/posts"}],"about":[{"href":"https:\/\/encuentroinformativo.com.mx\/index.php?rest_route=\/wp\/v2\/types\/post"}],"author":[{"embeddable":true,"href":"https:\/\/encuentroinformativo.com.mx\/index.php?rest_route=\/wp\/v2\/users\/1"}],"replies":[{"embeddable":true,"href":"https:\/\/encuentroinformativo.com.mx\/index.php?rest_route=%2Fwp%2Fv2%2Fcomments&post=16828"}],"version-history":[{"count":1,"href":"https:\/\/encuentroinformativo.com.mx\/index.php?rest_route=\/wp\/v2\/posts\/16828\/revisions"}],"predecessor-version":[{"id":16830,"href":"https:\/\/encuentroinformativo.com.mx\/index.php?rest_route=\/wp\/v2\/posts\/16828\/revisions\/16830"}],"wp:featuredmedia":[{"embeddable":true,"href":"https:\/\/encuentroinformativo.com.mx\/index.php?rest_route=\/wp\/v2\/media\/16829"}],"wp:attachment":[{"href":"https:\/\/encuentroinformativo.com.mx\/index.php?rest_route=%2Fwp%2Fv2%2Fmedia&parent=16828"}],"wp:term":[{"taxonomy":"category","embeddable":true,"href":"https:\/\/encuentroinformativo.com.mx\/index.php?rest_route=%2Fwp%2Fv2%2Fcategories&post=16828"},{"taxonomy":"post_tag","embeddable":true,"href":"https:\/\/encuentroinformativo.com.mx\/index.php?rest_route=%2Fwp%2Fv2%2Ftags&post=16828"}],"curies":[{"name":"wp","href":"https:\/\/api.w.org\/{rel}","templated":true}]}}