{"id":16848,"date":"2021-07-26T15:10:07","date_gmt":"2021-07-26T20:10:07","guid":{"rendered":"https:\/\/encuentroinformativo.com.mx\/?p=16848"},"modified":"2021-07-26T15:15:02","modified_gmt":"2021-07-26T20:15:02","slug":"se-suman-politicos-a-condolencias-por-deceso-de-rene-juarez-cisneros","status":"publish","type":"post","link":"https:\/\/encuentroinformativo.com.mx\/?p=16848","title":{"rendered":"Se suman pol\u00edticos a condolencias por deceso de Ren\u00e9 Ju\u00e1rez Cisneros"},"content":{"rendered":"\n<p><strong>Redacci\u00f3n<\/strong><\/p>\n\n\n\n<p>Xalapa, Ver.- La madrugada de este lunes perdi\u00f3 la batalla contra Covid, el coordinador de los diputados federales del PRI, Ren\u00e9 Ju\u00e1rez Cisneros; la noticia la dio a conocer el gobernador de Guerrero a trav\u00e9s de redes sociales, H\u00e9ctor Astudillo.<\/p>\n\n\n\n<p>El mandatario estatal precis\u00f3: \u201cDespu\u00e9s de una gran lucha, mi amigo y hermano Ren\u00e9 Ju\u00e1rez Cisneros ha fallecido. A toda su familia, a sus amistades, a sus leales compa\u00f1eros y seguidores, mi p\u00e9same y abrazo fraterno. Que Dios lo bendiga. Gracias por todo mi Gobernador\u201d.<\/p>\n\n\n\n<p>A la suma de condolencias por el fallecimiento de quien fuera Gobernador de Guerrero, dirigente nacional del Partido Revolucionario Institucional y Diputado federal, entre otros cargos, se sum\u00f3 el presidente de la Rep\u00fablica, Andr\u00e9s Manuel L\u00f3pez Obrador.<\/p>\n\n\n\n<p>A trav\u00e9s de su cuenta de twitter, el ejecutivo federal coment\u00f3: <strong>\u201cEnv\u00edo mi m\u00e1s sentido p\u00e9same a familiares y amigos de Ren\u00e9 Ju\u00e1rez Cisneros, ex gobernador de Guerrero y diputado federal. Fuimos adversarios pero no enemigos. Adem\u00e1s, guardo mucha simpat\u00eda y respeto por quienes escalan desde abajo y de cuna humilde\u201d.<\/strong><\/p>\n\n\n\n<p>Del mismo modo, la diputada federal veracruzana por el PRI, Anil\u00fa Ingram se sum\u00f3 a las condolencias por la muerta de quien fuera el coordinador de su bancada en San L\u00e1zaro.<\/p>\n\n\n\n<p>\u201cCon gran tristeza expreso mi m\u00e1s sentido p\u00e9same a los familiares y amigos de mi amigo y coordinador, Ren\u00e9 Ju\u00e1rez Cisneros, quien siempre me mostr\u00f3 su apoyo, respaldo y ense\u00f1anza en todas las encomiendas en las que participamos juntos. Dejas un gran vac\u00edo querido Ren\u00e9. QEPD\u201d.<\/p>\n\n\n\n<p>El legislador federal enfrent\u00f3 una lucha contra Covid en los \u00faltimos meses, y aunque hace algunas semanas se reportaban avances en su recuperaci\u00f3n finalmente no logr\u00f3 ganar la batalla a la enfermedad.<\/p>\n\n\n\n<figure class=\"wp-block-image size-large\"><img loading=\"lazy\" decoding=\"async\" width=\"750\" height=\"755\" src=\"https:\/\/encuentroinformativo.com.mx\/wp-content\/uploads\/2021\/07\/9028F7AC-9AC6-40C2-BBE7-F9C7345BAEB0.jpeg\" alt=\"\" class=\"wp-image-16849\" srcset=\"https:\/\/encuentroinformativo.com.mx\/wp-content\/uploads\/2021\/07\/9028F7AC-9AC6-40C2-BBE7-F9C7345BAEB0.jpeg 750w, https:\/\/encuentroinformativo.com.mx\/wp-content\/uploads\/2021\/07\/9028F7AC-9AC6-40C2-BBE7-F9C7345BAEB0-298x300.jpeg 298w, https:\/\/encuentroinformativo.com.mx\/wp-content\/uploads\/2021\/07\/9028F7AC-9AC6-40C2-BBE7-F9C7345BAEB0-150x150.jpeg 150w\" sizes=\"auto, (max-width: 750px) 100vw, 750px\" \/><\/figure>\n\n\n\n<figure class=\"wp-block-image size-large\"><img loading=\"lazy\" decoding=\"async\" width=\"750\" height=\"394\" src=\"https:\/\/encuentroinformativo.com.mx\/wp-content\/uploads\/2021\/07\/70C250BA-9382-476A-82C5-5B465E395F52.jpeg\" alt=\"\" class=\"wp-image-16851\" srcset=\"https:\/\/encuentroinformativo.com.mx\/wp-content\/uploads\/2021\/07\/70C250BA-9382-476A-82C5-5B465E395F52.jpeg 750w, https:\/\/encuentroinformativo.com.mx\/wp-content\/uploads\/2021\/07\/70C250BA-9382-476A-82C5-5B465E395F52-300x158.jpeg 300w\" sizes=\"auto, (max-width: 750px) 100vw, 750px\" \/><\/figure>\n","protected":false},"excerpt":{"rendered":"<p>Redacci\u00f3n Xalapa, Ver.- La madrugada de este lunes perdi\u00f3 la batalla contra Covid, el coordinador de los diputados federales del PRI, Ren\u00e9 Ju\u00e1rez Cisneros; la noticia la dio a conocer el gobernador de Guerrero a trav\u00e9s de redes sociales, H\u00e9ctor Astudillo. El mandatario estatal precis\u00f3: \u201cDespu\u00e9s de una gran lucha, mi amigo y hermano Ren\u00e9 [&hellip;]<\/p>\n","protected":false},"author":1,"featured_media":16849,"comment_status":"open","ping_status":"open","sticky":false,"template":"","format":"standard","meta":{"_jetpack_memberships_contains_paid_content":false,"footnotes":""},"categories":[12],"tags":[],"class_list":["post-16848","post","type-post","status-publish","format-standard","has-post-thumbnail","hentry","category-nacional"],"jetpack_featured_media_url":"https:\/\/encuentroinformativo.com.mx\/wp-content\/uploads\/2021\/07\/9028F7AC-9AC6-40C2-BBE7-F9C7345BAEB0.jpeg","jetpack_sharing_enabled":true,"jetpack_likes_enabled":true,"amp_enabled":true,"_links":{"self":[{"href":"https:\/\/encuentroinformativo.com.mx\/index.php?rest_route=\/wp\/v2\/posts\/16848","targetHints":{"allow":["GET"]}}],"collection":[{"href":"https:\/\/encuentroinformativo.com.mx\/index.php?rest_route=\/wp\/v2\/posts"}],"about":[{"href":"https:\/\/encuentroinformativo.com.mx\/index.php?rest_route=\/wp\/v2\/types\/post"}],"author":[{"embeddable":true,"href":"https:\/\/encuentroinformativo.com.mx\/index.php?rest_route=\/wp\/v2\/users\/1"}],"replies":[{"embeddable":true,"href":"https:\/\/encuentroinformativo.com.mx\/index.php?rest_route=%2Fwp%2Fv2%2Fcomments&post=16848"}],"version-history":[{"count":2,"href":"https:\/\/encuentroinformativo.com.mx\/index.php?rest_route=\/wp\/v2\/posts\/16848\/revisions"}],"predecessor-version":[{"id":16852,"href":"https:\/\/encuentroinformativo.com.mx\/index.php?rest_route=\/wp\/v2\/posts\/16848\/revisions\/16852"}],"wp:featuredmedia":[{"embeddable":true,"href":"https:\/\/encuentroinformativo.com.mx\/index.php?rest_route=\/wp\/v2\/media\/16849"}],"wp:attachment":[{"href":"https:\/\/encuentroinformativo.com.mx\/index.php?rest_route=%2Fwp%2Fv2%2Fmedia&parent=16848"}],"wp:term":[{"taxonomy":"category","embeddable":true,"href":"https:\/\/encuentroinformativo.com.mx\/index.php?rest_route=%2Fwp%2Fv2%2Fcategories&post=16848"},{"taxonomy":"post_tag","embeddable":true,"href":"https:\/\/encuentroinformativo.com.mx\/index.php?rest_route=%2Fwp%2Fv2%2Ftags&post=16848"}],"curies":[{"name":"wp","href":"https:\/\/api.w.org\/{rel}","templated":true}]}}