{"id":16853,"date":"2021-07-26T15:35:04","date_gmt":"2021-07-26T20:35:04","guid":{"rendered":"https:\/\/encuentroinformativo.com.mx\/?p=16853"},"modified":"2021-07-26T15:35:18","modified_gmt":"2021-07-26T20:35:18","slug":"sindicatos-piden-medidas-adecuadas-para-retorno-a-clases-presenciales","status":"publish","type":"post","link":"https:\/\/encuentroinformativo.com.mx\/?p=16853","title":{"rendered":"Sindicatos piden medidas adecuadas para retorno a clases presenciales"},"content":{"rendered":"\n<p><strong>Juan Arcos\/ Dar\u00edo Pale<\/strong><\/p>\n\n\n\n<p>Xalapa, Ver.- El Sindicato del Movimiento Magisterial Veracruzano (SMMV) se pronunci\u00f3 en contra del regreso a clases presenciales el pr\u00f3ximo 30 de agosto en la entidad, pese a que el presidente de la Rep\u00fablica, Andr\u00e9s Manuel L\u00f3pez Obrador, indic\u00f3 que \u00e9ste ser\u00eda inminente aunque \u201cllueva, truene o relampaguee\u201d.<\/p>\n\n\n\n<p>Al respecto, Gustavo Abel Cadena Carrasco, secretario general SMMV, se\u00f1al\u00f3 que los docentes deben regresar frente a grupo hasta que haya condiciones sanitarias durante esta pandemia del SARS-COV-2 (COVID-19), sin embargo, cuestion\u00f3 a la poblaci\u00f3n que anda en la calle pero se niega a retornar a clases.<\/p>\n\n\n\n<p>\u201cSeamos congruentes, los maestros si estamos por regresar al aula, pero con medidas sanitarias que puedan proteger a los alumnos y a nosotros mismos como docentes, s\u00ed estamos en esa l\u00ednea de que tenemos que regresar a las aulas tambi\u00e9n por el da\u00f1o psicol\u00f3gico que est\u00e1n teniendo los ni\u00f1os por estar encerrados en las casas, pero cu\u00e1ntos estamos en las playas, en los cines&#8221;, coment\u00f3.<\/p>\n\n\n\n<p>Cadena Carrasco consider\u00f3 que la Secretar\u00eda de Educaci\u00f3n P\u00fablica (SEP) y la Secretar\u00eda de Educaci\u00f3n de Veracruz (SEV) est\u00e1n haciendo esfuerzos por mantener a las escuelas, pero aunque hay planteles que carecen de servicios b\u00e1sicos como agua o energ\u00eda el\u00e9ctrica, record\u00f3 que los docentes llegan a poner hasta el 20 por ciento de su salario para que haya un buen desempe\u00f1o, esta no ser\u00e1 la excepci\u00f3n.<\/p>\n\n\n\n<p>Para concluir enfatiz\u00f3 que la entidad debe pasar al sem\u00e1foro epidemiol\u00f3gico color verde para que los estudiantes y maestros regresen a las aulas, toda vez que a\u00fan hay un riesgo alto de contagio.<\/p>\n","protected":false},"excerpt":{"rendered":"<p>Juan Arcos\/ Dar\u00edo Pale Xalapa, Ver.- El Sindicato del Movimiento Magisterial Veracruzano (SMMV) se pronunci\u00f3 en contra del regreso a clases presenciales el pr\u00f3ximo 30 de agosto en la entidad, pese a que el presidente de la Rep\u00fablica, Andr\u00e9s Manuel L\u00f3pez Obrador, indic\u00f3 que \u00e9ste ser\u00eda inminente aunque \u201cllueva, truene o relampaguee\u201d. Al respecto, Gustavo [&hellip;]<\/p>\n","protected":false},"author":1,"featured_media":16847,"comment_status":"open","ping_status":"open","sticky":false,"template":"","format":"standard","meta":{"_jetpack_memberships_contains_paid_content":false,"footnotes":""},"categories":[3],"tags":[],"class_list":["post-16853","post","type-post","status-publish","format-standard","has-post-thumbnail","hentry","category-xalapa"],"jetpack_featured_media_url":"https:\/\/encuentroinformativo.com.mx\/wp-content\/uploads\/2021\/07\/DD667FDD-CE3E-46F5-A330-8BDD14569755.jpeg","jetpack_sharing_enabled":true,"jetpack_likes_enabled":true,"amp_enabled":true,"_links":{"self":[{"href":"https:\/\/encuentroinformativo.com.mx\/index.php?rest_route=\/wp\/v2\/posts\/16853","targetHints":{"allow":["GET"]}}],"collection":[{"href":"https:\/\/encuentroinformativo.com.mx\/index.php?rest_route=\/wp\/v2\/posts"}],"about":[{"href":"https:\/\/encuentroinformativo.com.mx\/index.php?rest_route=\/wp\/v2\/types\/post"}],"author":[{"embeddable":true,"href":"https:\/\/encuentroinformativo.com.mx\/index.php?rest_route=\/wp\/v2\/users\/1"}],"replies":[{"embeddable":true,"href":"https:\/\/encuentroinformativo.com.mx\/index.php?rest_route=%2Fwp%2Fv2%2Fcomments&post=16853"}],"version-history":[{"count":1,"href":"https:\/\/encuentroinformativo.com.mx\/index.php?rest_route=\/wp\/v2\/posts\/16853\/revisions"}],"predecessor-version":[{"id":16854,"href":"https:\/\/encuentroinformativo.com.mx\/index.php?rest_route=\/wp\/v2\/posts\/16853\/revisions\/16854"}],"wp:featuredmedia":[{"embeddable":true,"href":"https:\/\/encuentroinformativo.com.mx\/index.php?rest_route=\/wp\/v2\/media\/16847"}],"wp:attachment":[{"href":"https:\/\/encuentroinformativo.com.mx\/index.php?rest_route=%2Fwp%2Fv2%2Fmedia&parent=16853"}],"wp:term":[{"taxonomy":"category","embeddable":true,"href":"https:\/\/encuentroinformativo.com.mx\/index.php?rest_route=%2Fwp%2Fv2%2Fcategories&post=16853"},{"taxonomy":"post_tag","embeddable":true,"href":"https:\/\/encuentroinformativo.com.mx\/index.php?rest_route=%2Fwp%2Fv2%2Ftags&post=16853"}],"curies":[{"name":"wp","href":"https:\/\/api.w.org\/{rel}","templated":true}]}}