{"id":16865,"date":"2021-07-27T13:41:07","date_gmt":"2021-07-27T18:41:07","guid":{"rendered":"https:\/\/encuentroinformativo.com.mx\/?p=16865"},"modified":"2021-07-27T13:41:19","modified_gmt":"2021-07-27T18:41:19","slug":"sin-importar-color-de-semaforo-se-regresara-a-clases-gobernador","status":"publish","type":"post","link":"https:\/\/encuentroinformativo.com.mx\/?p=16865","title":{"rendered":"Sin importar color de sem\u00e1foro se regresar\u00e1 a clases: Gobernador"},"content":{"rendered":"\n<p><strong>Dar\u00edo Pale<\/strong> <\/p>\n\n\n\n<p>Xalapa, Ver.- El gobernador del Veracruz Cuitl\u00e1huac Garc\u00eda Jim\u00e9nez reiter\u00f3 que el regresamos a clases ser\u00e1 en agosto, aunque sem\u00e1foro est\u00e9 en rojo por lo que solo esperar\u00e1 el decreto federal para ajustar porcentajes de actividades y emitir nuevo decreto estatal.<\/p>\n\n\n\n<p>Entrevistado en conocido caf\u00e9 de la calle de Zaragoza, se\u00f1al\u00f3 que lo dicho por Gatell, de que no existe fundamento cient\u00edfico que diga que la afectaci\u00f3n es mayor en ni\u00f1os y j\u00f3venes, por lo que el gobernador confirm\u00f3 lo dicho por el presidente Andr\u00e9s Manuel L\u00f3pez Obrador, de que se regresar\u00e1 a clases presenciales en el mes de agosto.<\/p>\n\n\n\n<p>El mandatario estatal sostuvo que debido a que la vacunaci\u00f3n ha ido avanzando en varios sectores de la poblaci\u00f3n y, de acuerdo a lo dicho la ma\u00f1ana de este martes en la ma\u00f1anera, no se suspender\u00eda ninguna actividad.<\/p>\n\n\n\n<p>&#8220;Se pueden mantener todas las actividades, no solamente educativas, todas las actividades a\u00fan cuando estemos en rojo, mantener todas las actividades&#8221;, se\u00f1al\u00f3.<\/p>\n\n\n\n<p>Para ello deber\u00e1 haber un tratamiento diferente de acuerdo a la semaforizaci\u00f3n, pero dijo que debemos esperar el decreto federal, por lo que convoc\u00f3 al secretario t\u00e9cnico del Consejo Estatal de Salud para que se ajusten a dicho nuevo decreto que se emitir\u00e1 en breve.<\/p>\n\n\n\n<p>Agreg\u00f3 que deber\u00e1 haber un cambio en el porcentaje de las actividades que se vayan a mantener de acuerdo al sem\u00e1foro epidemiol\u00f3gico, por lo que en ese sentido, estim\u00f3 que esta misma semana emitir\u00e1 otro decreto estatal para definir c\u00f3mo ser\u00e1 la nueva relaci\u00f3n entre el sem\u00e1foro epidemiol\u00f3gico y las actividades.<\/p>\n\n\n\n<p>El Gobernador insisti\u00f3 en que se debe volver a las clases presenciales porque existen razones pedag\u00f3gicas que obligan a los docentes a hacer el uso presencial de los estudiantes, ya que si no se hace, podr\u00eda haber retrasos significativos, es decir, no se puede retardar m\u00e1s de un a\u00f1o sin que los ni\u00f1os est\u00e9n en el sal\u00f3n de clases.<\/p>\n\n\n\n<p>&#8220;S\u00ed se puede hacer que desde las aulas se utilice la tecnolog\u00eda, pero no podemos supeditar a un aparato tecnol\u00f3gico la educaci\u00f3n integral que debe tener un estudiante, cualquiera que quiera contradecir esto, dudar\u00eda de su formaci\u00f3n docente&#8221;, coment\u00f3.<\/p>\n\n\n\n<p>Respecto de los padres de familia que est\u00e1n en contra, Garc\u00eda Jim\u00e9nez dijo que se convencer\u00e1n de que deben regresar, pero estim\u00f3 que son pocos los que tienen esas leg\u00edtimas dudas.<\/p>\n\n\n\n<p>Al respecto, refiri\u00f3 lo dicho por el subsecretario Hugo L\u00f3pez-Gatell, quien expuso este martes que no existe fundamento cient\u00edfico que diga que la afectaci\u00f3n es mayor en ni\u00f1os y j\u00f3venes, ni que las nuevas variantes sean m\u00e1s agresivas que las anteriores.<\/p>\n\n\n\n<p>&#8220;Entonces si a los padres de familia les informamos de esta situaci\u00f3n, yo creo que no va haber ning\u00fan problema, vamos a arrancar con los que asistan, ya los padres ser\u00e1n responsables de la educaci\u00f3n de sus hijos. Nada m\u00e1s les comento que despu\u00e9s, cuando esos ni\u00f1os crezcan y quieran acceder a grados superiores y no tengan la formaci\u00f3n que debieron tener por mantenerse ausentes del aula, sus padres tendr\u00e1n que ser responsables de esa situaci\u00f3n&#8221;, opin\u00f3.<\/p>\n\n\n\n<p>Finalmente insisti\u00f3 en que se debe regresar a clases presenciales y pregunt\u00f3 si lo que se busca es formar ignorantes sociales, &#8220;eso no puede ser, no podemos apostarle a una sociedad aut\u00f3mata&#8221;.<\/p>\n","protected":false},"excerpt":{"rendered":"<p>Dar\u00edo Pale Xalapa, Ver.- El gobernador del Veracruz Cuitl\u00e1huac Garc\u00eda Jim\u00e9nez reiter\u00f3 que el regresamos a clases ser\u00e1 en agosto, aunque sem\u00e1foro est\u00e9 en rojo por lo que solo esperar\u00e1 el decreto federal para ajustar porcentajes de actividades y emitir nuevo decreto estatal. Entrevistado en conocido caf\u00e9 de la calle de Zaragoza, se\u00f1al\u00f3 que lo [&hellip;]<\/p>\n","protected":false},"author":1,"featured_media":4598,"comment_status":"open","ping_status":"open","sticky":false,"template":"","format":"standard","meta":{"_jetpack_memberships_contains_paid_content":false,"footnotes":""},"categories":[2],"tags":[],"class_list":["post-16865","post","type-post","status-publish","format-standard","has-post-thumbnail","hentry","category-estado"],"jetpack_featured_media_url":"https:\/\/encuentroinformativo.com.mx\/wp-content\/uploads\/2020\/08\/7FAF2289-C5F5-43B8-813F-F8FED462575E.jpeg","jetpack_sharing_enabled":true,"jetpack_likes_enabled":true,"amp_enabled":true,"_links":{"self":[{"href":"https:\/\/encuentroinformativo.com.mx\/index.php?rest_route=\/wp\/v2\/posts\/16865","targetHints":{"allow":["GET"]}}],"collection":[{"href":"https:\/\/encuentroinformativo.com.mx\/index.php?rest_route=\/wp\/v2\/posts"}],"about":[{"href":"https:\/\/encuentroinformativo.com.mx\/index.php?rest_route=\/wp\/v2\/types\/post"}],"author":[{"embeddable":true,"href":"https:\/\/encuentroinformativo.com.mx\/index.php?rest_route=\/wp\/v2\/users\/1"}],"replies":[{"embeddable":true,"href":"https:\/\/encuentroinformativo.com.mx\/index.php?rest_route=%2Fwp%2Fv2%2Fcomments&post=16865"}],"version-history":[{"count":1,"href":"https:\/\/encuentroinformativo.com.mx\/index.php?rest_route=\/wp\/v2\/posts\/16865\/revisions"}],"predecessor-version":[{"id":16866,"href":"https:\/\/encuentroinformativo.com.mx\/index.php?rest_route=\/wp\/v2\/posts\/16865\/revisions\/16866"}],"wp:featuredmedia":[{"embeddable":true,"href":"https:\/\/encuentroinformativo.com.mx\/index.php?rest_route=\/wp\/v2\/media\/4598"}],"wp:attachment":[{"href":"https:\/\/encuentroinformativo.com.mx\/index.php?rest_route=%2Fwp%2Fv2%2Fmedia&parent=16865"}],"wp:term":[{"taxonomy":"category","embeddable":true,"href":"https:\/\/encuentroinformativo.com.mx\/index.php?rest_route=%2Fwp%2Fv2%2Fcategories&post=16865"},{"taxonomy":"post_tag","embeddable":true,"href":"https:\/\/encuentroinformativo.com.mx\/index.php?rest_route=%2Fwp%2Fv2%2Ftags&post=16865"}],"curies":[{"name":"wp","href":"https:\/\/api.w.org\/{rel}","templated":true}]}}