{"id":16873,"date":"2021-07-27T14:51:47","date_gmt":"2021-07-27T19:51:47","guid":{"rendered":"https:\/\/encuentroinformativo.com.mx\/?p=16873"},"modified":"2021-07-27T14:51:55","modified_gmt":"2021-07-27T19:51:55","slug":"denuncian-pobladores-derrame-de-crudo-en-hueyapan-de-ocampo","status":"publish","type":"post","link":"https:\/\/encuentroinformativo.com.mx\/?p=16873","title":{"rendered":"Denuncian pobladores derrame de crudo en Hueyapan de Ocampo"},"content":{"rendered":"\n<p><strong>Juan Arcos <\/strong><\/p>\n\n\n\n<p>Xalapa, Ver.- Pobladores denunciaron que los \u00e1rboles lucen secos y los mantos acu\u00edferos han sido contaminados desde hace m\u00e1s de seis meses por un derrame de petr\u00f3leo en la comunidad La Norma, municipio de Hueyapan de Ocampo, en la zona sur de la entidad veracruzana.<\/p>\n\n\n\n<p>La gente se\u00f1al\u00f3, de manera an\u00f3nima, que la fuga de crudo est\u00e1 ocasionando graves afectaciones al entorno ecol\u00f3gico, principalmente en pastizales y ca\u00f1ales de la regi\u00f3n.<\/p>\n\n\n\n<p>Denunciaron que ha habido omisiones por parte de la empresa paraestatal Petr\u00f3leos Mexicanos (Pemex) para atender el problema.\u00a0<br>Recordaron que a\u00fan ducto present\u00f3 una fractura y, desde entonces, la fuga contin\u00faa, pese al reclamo de la gente para que se realicen las reparaciones necesarias.<\/p>\n\n\n\n<p>La presencia del crudo en la superficie ocasion\u00f3 un incendio el pasado 10 de mayo, mismo que tard\u00f3 activo por lo menos 15 d\u00edas.<\/p>\n\n\n\n<p>La gente tuvo que hacer presi\u00f3n a la compa\u00f1\u00eda petrolera por los da\u00f1os que el fuego generaba. Posteriormente, el personal de la misma decidi\u00f3 intervenir.<\/p>\n\n\n\n<p>A escasos metros de las viviendas, en la zona poco poblada, hay una laguna, de unas 80 hect\u00e1reas.<\/p>\n\n\n\n<p>En la zona se observan grandes charcos del crudo que contaminan varios metros a la redonda de donde se registr\u00f3 la ruptura de los ductos de Pemex.<\/p>\n\n\n\n<p>Los lugare\u00f1os consideran que la tuber\u00eda se ha da\u00f1ado en su totalidad, toda vez que llevaba m\u00e1s de 40 a\u00f1os en operaci\u00f3n y no hab\u00eda recibido mantenimiento ni sido reemplazada.<\/p>\n\n\n\n<p>Se calcula que el crudo ha abarcado unas 20 hect\u00e1reas en la zona, donde se observan esos grandes charcos de crudo, a un costado de los \u00e1rboles que fueron calcinados por el incendio registrado hace un par de meses.<\/p>\n\n\n\n<p>Lo habitantes consideraron que es latente la posibilidad de que ocurran m\u00e1s incendios, sobre todo en esta temporada de can\u00edcula, mismo que ocasiona la falta de precipitaciones y un aumento en las temperaturas.<\/p>\n\n\n\n<p>Los pobladores de La Norma, municipio de Hueyapan de Ocampo, temen que el hidrocarburo tambi\u00e9n contamine la laguna mencionada.<\/p>\n\n\n\n<p>Lo anterior, provocar\u00eda una afectaci\u00f3n a\u00fan mayor a los lugare\u00f1os, debido a que m\u00e1s de 20 familias dependen de la pesca en ese lugar.<\/p>\n\n\n\n<figure class=\"wp-block-image size-large\"><img loading=\"lazy\" decoding=\"async\" width=\"780\" height=\"585\" src=\"https:\/\/encuentroinformativo.com.mx\/wp-content\/uploads\/2021\/07\/8000B90E-56BB-445C-8595-3101E2BD37AF.jpeg\" alt=\"\" class=\"wp-image-16875\" srcset=\"https:\/\/encuentroinformativo.com.mx\/wp-content\/uploads\/2021\/07\/8000B90E-56BB-445C-8595-3101E2BD37AF.jpeg 780w, https:\/\/encuentroinformativo.com.mx\/wp-content\/uploads\/2021\/07\/8000B90E-56BB-445C-8595-3101E2BD37AF-300x225.jpeg 300w, https:\/\/encuentroinformativo.com.mx\/wp-content\/uploads\/2021\/07\/8000B90E-56BB-445C-8595-3101E2BD37AF-768x576.jpeg 768w\" sizes=\"auto, (max-width: 780px) 100vw, 780px\" \/><\/figure>\n","protected":false},"excerpt":{"rendered":"<p>Juan Arcos Xalapa, Ver.- Pobladores denunciaron que los \u00e1rboles lucen secos y los mantos acu\u00edferos han sido contaminados desde hace m\u00e1s de seis meses por un derrame de petr\u00f3leo en la comunidad La Norma, municipio de Hueyapan de Ocampo, en la zona sur de la entidad veracruzana. La gente se\u00f1al\u00f3, de manera an\u00f3nima, que la [&hellip;]<\/p>\n","protected":false},"author":1,"featured_media":16874,"comment_status":"open","ping_status":"open","sticky":false,"template":"","format":"standard","meta":{"_jetpack_memberships_contains_paid_content":false,"footnotes":""},"categories":[2],"tags":[],"class_list":["post-16873","post","type-post","status-publish","format-standard","has-post-thumbnail","hentry","category-estado"],"jetpack_featured_media_url":"https:\/\/encuentroinformativo.com.mx\/wp-content\/uploads\/2021\/07\/68E5B8E2-2D21-4214-9904-9634EA9B1923.jpeg","jetpack_sharing_enabled":true,"jetpack_likes_enabled":true,"amp_enabled":true,"_links":{"self":[{"href":"https:\/\/encuentroinformativo.com.mx\/index.php?rest_route=\/wp\/v2\/posts\/16873","targetHints":{"allow":["GET"]}}],"collection":[{"href":"https:\/\/encuentroinformativo.com.mx\/index.php?rest_route=\/wp\/v2\/posts"}],"about":[{"href":"https:\/\/encuentroinformativo.com.mx\/index.php?rest_route=\/wp\/v2\/types\/post"}],"author":[{"embeddable":true,"href":"https:\/\/encuentroinformativo.com.mx\/index.php?rest_route=\/wp\/v2\/users\/1"}],"replies":[{"embeddable":true,"href":"https:\/\/encuentroinformativo.com.mx\/index.php?rest_route=%2Fwp%2Fv2%2Fcomments&post=16873"}],"version-history":[{"count":1,"href":"https:\/\/encuentroinformativo.com.mx\/index.php?rest_route=\/wp\/v2\/posts\/16873\/revisions"}],"predecessor-version":[{"id":16876,"href":"https:\/\/encuentroinformativo.com.mx\/index.php?rest_route=\/wp\/v2\/posts\/16873\/revisions\/16876"}],"wp:featuredmedia":[{"embeddable":true,"href":"https:\/\/encuentroinformativo.com.mx\/index.php?rest_route=\/wp\/v2\/media\/16874"}],"wp:attachment":[{"href":"https:\/\/encuentroinformativo.com.mx\/index.php?rest_route=%2Fwp%2Fv2%2Fmedia&parent=16873"}],"wp:term":[{"taxonomy":"category","embeddable":true,"href":"https:\/\/encuentroinformativo.com.mx\/index.php?rest_route=%2Fwp%2Fv2%2Fcategories&post=16873"},{"taxonomy":"post_tag","embeddable":true,"href":"https:\/\/encuentroinformativo.com.mx\/index.php?rest_route=%2Fwp%2Fv2%2Ftags&post=16873"}],"curies":[{"name":"wp","href":"https:\/\/api.w.org\/{rel}","templated":true}]}}