{"id":16877,"date":"2021-07-27T15:10:42","date_gmt":"2021-07-27T20:10:42","guid":{"rendered":"https:\/\/encuentroinformativo.com.mx\/?p=16877"},"modified":"2021-07-27T15:10:46","modified_gmt":"2021-07-27T20:10:46","slug":"por-remodelacion-reubican-comerciantes-de-parque-miguel-hidalgo","status":"publish","type":"post","link":"https:\/\/encuentroinformativo.com.mx\/?p=16877","title":{"rendered":"Por remodelaci\u00f3n, reubican comerciantes de parque Miguel Hidalgo"},"content":{"rendered":"\n<p><strong>Juan Arcos<\/strong><\/p>\n\n\n\n<p>Coatepec, Ver.- Comerciantes del parque \u201cMiguel Hidalgo\u201d de Coatepec fueron reubicados a la calle Aldama a partir del lunes 26 de julio, debido a los trabajos que se llevan a cabo para la remodelaci\u00f3n del espacio p\u00fablico.<\/p>\n\n\n\n<p>Los vendedores de comida, juguetes, globos y dem\u00e1s art\u00edculos ocupan todo un carril de dicha arteria vehicular, lo que ha ocasionado un congestionamiento en el Centro Hist\u00f3rico del Pueblo M\u00e1gico.<\/p>\n\n\n\n<p>De acuerdo con Antonio Herrera Leal, encargado del filtro desinfectante, se desconoce cu\u00e1nto tiempo permanecer\u00e1n los comerciantes en dicho lugar.<\/p>\n\n\n\n<p>El entrevistado consider\u00f3 que se trata de un lugar riesgoso para la actividad comercial, toda vez que solo una cinta y barricadas de Tr\u00e1nsito dividen a los autom\u00f3viles de los comensales.\u00a0<\/p>\n\n\n\n<p>\u201cApenas ayer (lunes) los reubicaron por la remodelaci\u00f3n el parque. Es para dar una buena imagen al parque del Pueblo M\u00e1gico, porque Coatepec es un Pueblo M\u00e1gico. Es un poco riesgoso por los carros, pero est\u00e1 la cinta\u201d.<\/p>\n\n\n\n<p>Durante un recorrido en la zona se observ\u00f3 la presencia de dos elementos de la delegaci\u00f3n de Tr\u00e1nsito en Coatepec que resguardan el sitio y laboran para agilizar la vialidad.\u00a0<\/p>\n\n\n\n<p>Adem\u00e1s, indico que, por disposici\u00f3n del ayuntamiento de Coatepec, los vendedores podr\u00e1n instalarse en un horario de las 11 de la ma\u00f1ana a 10 de la noche, solo ofertando sus productos para llevar.<\/p>\n\n\n\n<p>Herrera Leal asegur\u00f3 que se garantiza la aplicaci\u00f3n de las medidas sanitarias en los puestos, sobre todo la sana distancia, el uso de cubrebocas y la aplicaci\u00f3n de gel antibacterial.<\/p>\n\n\n\n<p>Lo anterior, para evitar la propagaci\u00f3n del SARS-COV-2 (COVID-19), debido a que Coatepec se encuentra en sem\u00e1foro epidemiol\u00f3gico regional color rojo, de riesgo m\u00e1ximo de contagio.<\/p>\n\n\n\n<figure class=\"wp-block-image size-large\"><img loading=\"lazy\" decoding=\"async\" width=\"1024\" height=\"768\" src=\"https:\/\/encuentroinformativo.com.mx\/wp-content\/uploads\/2021\/07\/CBB9811F-4C20-4B78-B2EA-348186E1FF05-1024x768.jpeg\" alt=\"\" class=\"wp-image-16879\" srcset=\"https:\/\/encuentroinformativo.com.mx\/wp-content\/uploads\/2021\/07\/CBB9811F-4C20-4B78-B2EA-348186E1FF05-1024x768.jpeg 1024w, https:\/\/encuentroinformativo.com.mx\/wp-content\/uploads\/2021\/07\/CBB9811F-4C20-4B78-B2EA-348186E1FF05-300x225.jpeg 300w, https:\/\/encuentroinformativo.com.mx\/wp-content\/uploads\/2021\/07\/CBB9811F-4C20-4B78-B2EA-348186E1FF05-768x576.jpeg 768w, https:\/\/encuentroinformativo.com.mx\/wp-content\/uploads\/2021\/07\/CBB9811F-4C20-4B78-B2EA-348186E1FF05-1536x1152.jpeg 1536w, https:\/\/encuentroinformativo.com.mx\/wp-content\/uploads\/2021\/07\/CBB9811F-4C20-4B78-B2EA-348186E1FF05.jpeg 1600w\" sizes=\"auto, (max-width: 1024px) 100vw, 1024px\" \/><\/figure>\n","protected":false},"excerpt":{"rendered":"<p>Juan Arcos Coatepec, Ver.- Comerciantes del parque \u201cMiguel Hidalgo\u201d de Coatepec fueron reubicados a la calle Aldama a partir del lunes 26 de julio, debido a los trabajos que se llevan a cabo para la remodelaci\u00f3n del espacio p\u00fablico. Los vendedores de comida, juguetes, globos y dem\u00e1s art\u00edculos ocupan todo un carril de dicha arteria [&hellip;]<\/p>\n","protected":false},"author":1,"featured_media":16878,"comment_status":"open","ping_status":"open","sticky":false,"template":"","format":"standard","meta":{"_jetpack_memberships_contains_paid_content":false,"footnotes":""},"categories":[8],"tags":[],"class_list":["post-16877","post","type-post","status-publish","format-standard","has-post-thumbnail","hentry","category-region"],"jetpack_featured_media_url":"https:\/\/encuentroinformativo.com.mx\/wp-content\/uploads\/2021\/07\/4ED6FC8B-77FA-4771-B6F3-6C85633227DD.jpeg","jetpack_sharing_enabled":true,"jetpack_likes_enabled":true,"amp_enabled":true,"_links":{"self":[{"href":"https:\/\/encuentroinformativo.com.mx\/index.php?rest_route=\/wp\/v2\/posts\/16877","targetHints":{"allow":["GET"]}}],"collection":[{"href":"https:\/\/encuentroinformativo.com.mx\/index.php?rest_route=\/wp\/v2\/posts"}],"about":[{"href":"https:\/\/encuentroinformativo.com.mx\/index.php?rest_route=\/wp\/v2\/types\/post"}],"author":[{"embeddable":true,"href":"https:\/\/encuentroinformativo.com.mx\/index.php?rest_route=\/wp\/v2\/users\/1"}],"replies":[{"embeddable":true,"href":"https:\/\/encuentroinformativo.com.mx\/index.php?rest_route=%2Fwp%2Fv2%2Fcomments&post=16877"}],"version-history":[{"count":1,"href":"https:\/\/encuentroinformativo.com.mx\/index.php?rest_route=\/wp\/v2\/posts\/16877\/revisions"}],"predecessor-version":[{"id":16880,"href":"https:\/\/encuentroinformativo.com.mx\/index.php?rest_route=\/wp\/v2\/posts\/16877\/revisions\/16880"}],"wp:featuredmedia":[{"embeddable":true,"href":"https:\/\/encuentroinformativo.com.mx\/index.php?rest_route=\/wp\/v2\/media\/16878"}],"wp:attachment":[{"href":"https:\/\/encuentroinformativo.com.mx\/index.php?rest_route=%2Fwp%2Fv2%2Fmedia&parent=16877"}],"wp:term":[{"taxonomy":"category","embeddable":true,"href":"https:\/\/encuentroinformativo.com.mx\/index.php?rest_route=%2Fwp%2Fv2%2Fcategories&post=16877"},{"taxonomy":"post_tag","embeddable":true,"href":"https:\/\/encuentroinformativo.com.mx\/index.php?rest_route=%2Fwp%2Fv2%2Ftags&post=16877"}],"curies":[{"name":"wp","href":"https:\/\/api.w.org\/{rel}","templated":true}]}}