{"id":16884,"date":"2021-07-28T09:16:32","date_gmt":"2021-07-28T14:16:32","guid":{"rendered":"https:\/\/encuentroinformativo.com.mx\/?p=16884"},"modified":"2021-07-28T09:16:47","modified_gmt":"2021-07-28T14:16:47","slug":"electos-a-la-escuelita","status":"publish","type":"post","link":"https:\/\/encuentroinformativo.com.mx\/?p=16884","title":{"rendered":"Electos, a la escuelita"},"content":{"rendered":"\n<p><strong>Los Pol\u00edticos<\/strong><\/p>\n\n\n\n<p><strong>Salvador Mu\u00f1oz<\/strong><\/p>\n\n\n\n<p>Hace poco, diputados y alcaldes electos de Movimiento Ciudadano estuvieron en Jalisco recibiendo capacitaci\u00f3n en aras de entender el cargo que van a ostentar, es decir, los preparan para tal.<\/p>\n\n\n\n<p>El hecho de que tal \u201ccurso intensivo\u201d haya sido realizado en Jalisco, no es de a grapas\u2026 no s\u00f3lo porque en ese estado gobierne Movimiento Ciudadano con Enrique Alfaro, sino por el hecho de lo que hoy en d\u00eda significa Jalisco en cuesti\u00f3n de desarrollo social con un personaje como es el mandatario estatal que ha sido diputado local y alcalde en dos ocasiones.<\/p>\n\n\n\n<p>Los puntos a tratar fueron servicios municipales, transparencia, presupuesto, participaci\u00f3n ciudadana, buenas pr\u00e1cticas municipales, medio ambiente, relaciones municipio-estado-federaci\u00f3n y comunicaci\u00f3n pol\u00edtica.<\/p>\n\n\n\n<p>Quiz\u00e1s para muchos lectores esto no diga mucho pero les recuerdo que los cargos siguen siendo por representaci\u00f3n popular y el voto ciudadano pudo haber hecho ganar a cualquier hijo de vecino que no tenga idea y s\u00f3lo buenas intenciones en lo que ser\u00e1 su gobierno. Por eso, la misma Paquita la del Barrio dec\u00eda que a ella le iban a orientar qu\u00e9 hacer por ser su primera incursi\u00f3n en la \u201cpolaca\u201d&#8230;<\/p>\n\n\n\n<p>Caso contrario ocurre al menos con dos figuras del PAN, con ya un trecho recorrido en estos avatares. Citar a estos dos personajes obedece a que medi\u00e1ticamente son los m\u00e1s visibles del Acci\u00f3n Nacional previo a su arribo al poder: Patricia Lobeira y Juan Manuel de Unanue. Dijeran: no se duermen en sus laureles.<\/p>\n\n\n\n<p>Es seguro que la capacitaci\u00f3n es (debe y debiera ser) una constante en su partido (o en cualquiera) y por ello, ya llevan sus intenciones a otros menesteres como reuniones con poderes f\u00e1cticos que son determinantes en la vida y desarrollo de la zona conurbada Veracruz-Boca del R\u00edo.<\/p>\n\n\n\n<p>En el caso de Morena se sabe que ya hubo cursos para sus diputados locales electos y se espera que haya m\u00e1s y a la vez, igual haya m\u00e1s concurrencia.<\/p>\n\n\n\n<p>Baste recordar que antes de conformarse la LXV legislatura, Morena tuvo dos cursos pero que no tuvieron \u00e9xito porque los electos no prestaron mucho inter\u00e9s en su capacitaci\u00f3n lo que dio lugar a que, una vez que entraron en activo, los yerros fueron incre\u00edbles que hicieron de la bancada de Morena, una simple Mayor\u00eda Levantadedos.<\/p>\n\n\n\n<p>Por cierto, s\u00f3lo para dejar constancia, muchas ocasiones nuestros Congresos (local y federal) han sido lugar para que se ejerza este ejercicio que concede ser primera fuerza: se da paso al poder del dedo aun cuando la oposici\u00f3n se desgarre vestiduras y gargantas en Tribuna esgrimiendo los mejores argumentos.<\/p>\n\n\n\n<p>Esto es en lo que respecta a diputados con Morena, pero ojal\u00e1 los cursos se extiendan para capacitar a los alcaldes electos para evitar \u201cHipolitazos\u201d. Si bien, Morena debe estar sumamente agradecida con Ricardo Ahued, porque el trabajo de Rodr\u00edguez Herrero lo coloca como la peor administraci\u00f3n que se recuerde en la capital veracruzana, que ha perdido su encanto siendo rebasada por otras ciudades como Boca del R\u00edo y Orizaba, en cuesti\u00f3n de desarrollo.<\/p>\n\n\n\n<p>En el caso de la futura bancada del PRI, es seguro que a estas alturas, el otrora partidazo ya est\u00e9 poniendo al corriente a Marlon Ram\u00edrez, Anil\u00fa Ingram y Arianna,&nbsp; v\u00eda la Fundaci\u00f3n Colosio con Leticia Perlasca, secretaria acad\u00e9mica, y sin duda, han de llegar con agenda bajo el brazo para levantar la bancada, porque a veces, la actual parece estar lejos del partido y cerca de Morena.<\/p>\n\n\n\n<p>En el mismo tenor, de cursos intensivos v\u00eda Fundaci\u00f3n Colosio, han de estar los alcaldes y regidores electos.<\/p>\n\n\n\n<p>Tanto el PAN, PRI y ahora Morena, nos han demostrado que no basta ganar en las urnas, sino tambi\u00e9n prepararse en aras de brindar al ciudadano que vot\u00f3 por ellos, un mejor gobierno; y al que no cruz\u00f3 la boleta por ellos, demostrarle que para \u00e9stos pueden convertirse tambi\u00e9n en su voz, sea desde el Palacio Municipal o en el Congreso.<\/p>\n\n\n\n<p>Al menos, lo que m\u00e1s quiere el ciudadano, es que las buenas intenciones de los candidatos, se conviertan en un buen ejercicio del Gobierno\u2026 ya no son tiempos para perder un a\u00f1o en curvas de aprendizaje porque hay unos que est\u00e1n cerrando su ciclo y nom\u00e1s no aprendieron.<\/p>\n\n\n\n<p>De castre<\/p>\n\n\n\n<p>\u00bfY si le decimos al presidente que los ni\u00f1os enfermos de c\u00e1ncer son cubanitos? \u00a1Qui\u00e9n quite y lleguen m\u00e1s pronto los medicamentos!<\/p>\n\n\n\n<p><a href=\"mailto:smcainito@gmail.com\" target=\"_blank\" rel=\"noreferrer noopener\">smcainito@gmail.com<\/a><\/p>\n","protected":false},"excerpt":{"rendered":"<p>Los Pol\u00edticos Salvador Mu\u00f1oz Hace poco, diputados y alcaldes electos de Movimiento Ciudadano estuvieron en Jalisco recibiendo capacitaci\u00f3n en aras de entender el cargo que van a ostentar, es decir, los preparan para tal. El hecho de que tal \u201ccurso intensivo\u201d haya sido realizado en Jalisco, no es de a grapas\u2026 no s\u00f3lo porque en [&hellip;]<\/p>\n","protected":false},"author":1,"featured_media":70,"comment_status":"open","ping_status":"open","sticky":false,"template":"","format":"standard","meta":{"_jetpack_memberships_contains_paid_content":false,"footnotes":""},"categories":[11],"tags":[],"class_list":["post-16884","post","type-post","status-publish","format-standard","has-post-thumbnail","hentry","category-opinion"],"jetpack_featured_media_url":"https:\/\/encuentroinformativo.com.mx\/wp-content\/uploads\/2020\/02\/opinion-invitado.jpg","jetpack_sharing_enabled":true,"jetpack_likes_enabled":true,"amp_enabled":true,"_links":{"self":[{"href":"https:\/\/encuentroinformativo.com.mx\/index.php?rest_route=\/wp\/v2\/posts\/16884","targetHints":{"allow":["GET"]}}],"collection":[{"href":"https:\/\/encuentroinformativo.com.mx\/index.php?rest_route=\/wp\/v2\/posts"}],"about":[{"href":"https:\/\/encuentroinformativo.com.mx\/index.php?rest_route=\/wp\/v2\/types\/post"}],"author":[{"embeddable":true,"href":"https:\/\/encuentroinformativo.com.mx\/index.php?rest_route=\/wp\/v2\/users\/1"}],"replies":[{"embeddable":true,"href":"https:\/\/encuentroinformativo.com.mx\/index.php?rest_route=%2Fwp%2Fv2%2Fcomments&post=16884"}],"version-history":[{"count":1,"href":"https:\/\/encuentroinformativo.com.mx\/index.php?rest_route=\/wp\/v2\/posts\/16884\/revisions"}],"predecessor-version":[{"id":16885,"href":"https:\/\/encuentroinformativo.com.mx\/index.php?rest_route=\/wp\/v2\/posts\/16884\/revisions\/16885"}],"wp:featuredmedia":[{"embeddable":true,"href":"https:\/\/encuentroinformativo.com.mx\/index.php?rest_route=\/wp\/v2\/media\/70"}],"wp:attachment":[{"href":"https:\/\/encuentroinformativo.com.mx\/index.php?rest_route=%2Fwp%2Fv2%2Fmedia&parent=16884"}],"wp:term":[{"taxonomy":"category","embeddable":true,"href":"https:\/\/encuentroinformativo.com.mx\/index.php?rest_route=%2Fwp%2Fv2%2Fcategories&post=16884"},{"taxonomy":"post_tag","embeddable":true,"href":"https:\/\/encuentroinformativo.com.mx\/index.php?rest_route=%2Fwp%2Fv2%2Ftags&post=16884"}],"curies":[{"name":"wp","href":"https:\/\/api.w.org\/{rel}","templated":true}]}}