{"id":16886,"date":"2021-07-28T09:22:21","date_gmt":"2021-07-28T14:22:21","guid":{"rendered":"https:\/\/encuentroinformativo.com.mx\/?p=16886"},"modified":"2021-07-28T09:22:25","modified_gmt":"2021-07-28T14:22:25","slug":"guardia-nacional-necesaria","status":"publish","type":"post","link":"https:\/\/encuentroinformativo.com.mx\/?p=16886","title":{"rendered":"\u00bfGUARDIA NACIONAL NECESARIA?"},"content":{"rendered":"\n<p><strong>ColumnaSinNombre<br>@pablojair<\/strong><\/p>\n\n\n\n<ul class=\"wp-block-list\"><li>El &#8220;fiac\u00f3n&#8221; de Palacio de Gobierno.<\/li><li>No hay detenidos en caso Gallo Bolo.<\/li><li>Winckler, pusil\u00e1nime: Bravo Contreras<\/li><li>Descanse en paz, el buen \u00c1ngel Gabriel.<\/li><\/ul>\n\n\n\n<p>Otro m\u00e9rito de Winckler es que tiene a\u00f1os desaparecido<br>y no lo hallan o no lo quieren encontrar\u2026<br>&#8211;Chopenjawer<\/p>\n\n\n\n<p>La presencia de la Guardia Nacional es m\u00e1s que necesaria, seg\u00fan la Cuarta Transformeishion, pero tambi\u00e9n hay algo interesante que apunt\u00f3 el presidente Andr\u00e9s Manuel L\u00f3pez Obrador en su visita a Xalapa para inaugurar el cuartel de la corporaci\u00f3n, por el rumbo de la salida a Coatepec.<\/p>\n\n\n\n<p>Habl\u00f3 de que antes los gobiernos estatales estaban ligados a la delincuencia, que la toleraban y por eso es que exist\u00eda la violencia; lo anterior, era un secreto a voces: pactos de pol\u00edticos que por a\u00f1os se incrustaron en el sistema y serv\u00edan hasta como enlaces con los \u201cmalos\u201d.<\/p>\n\n\n\n<p>Un ejemplo reciente fue el del secretario de Seguridad P\u00fablica con el gobernador Yunes, Jaime \u201cSugardaddy\u201d T\u00e9llez, quien lleg\u00f3 a admitir que ten\u00eda como informante a un miembro de los Zetas. Ese esc\u00e1ndalo nacional se suscit\u00f3 en el sexenio de Pe\u00f1a Nieto, pero la investigaci\u00f3n se congel\u00f3 por la c\u00fapula pol\u00edtica de la Presidencia: protecci\u00f3n-corrupci\u00f3n al m\u00e1s alto nivel.<\/p>\n\n\n\n<p>Otro detalle que apunta el presidente es que no exist\u00eda un marco legal que protegiera a las fuerzas armadas en su lucha contra la delincuencia, y este fin de semana de plano ya en abierto dice que la Marina y el Ej\u00e9rcito son pilares necesarios para el estado, aun cuando lleg\u00f3 a hablar en campa\u00f1a de la desmilitarizaci\u00f3n de la seguridad y de regresarlos a los cuarteles.<\/p>\n\n\n\n<p>Y s\u00ed: en el sexenio de Calder\u00f3n se sac\u00f3 al Ej\u00e9rcito y a la Marina a las calles, pero dicha estrategia no ten\u00eda un respaldo legal para siquiera poner a los detenidos a disposici\u00f3n de un juez, aparte que en el sistema anterior se pod\u00edan tenerlos por semanas antes de presentarlos ante el juzgado, dando tiempo a \u201crecolectar\u201d evidencias o simplemente para torturar a los capturados. Las fuerzas castrenses, en ese sentido, estaban desamparados legalmente.<\/p>\n\n\n\n<p>Pero L\u00f3pez Obrador fue m\u00e1s tajante: \u201cVamos a continuar con el plan de consolidar a la Guardia Nacional\u201d, expres\u00f3.<\/p>\n\n\n\n<p>Fue m\u00e1s all\u00e1 al subrayar de la necesidad de tener a estas instituciones para encargarse de la seguridad y que en un futuro habr\u00e1 un decreto para que la Guardia Nacional pase a depender directamente de la Secretar\u00eda de la Defensa Nacional, criticando que en el pasado reciente se intent\u00f3 usar a la Polic\u00eda Federal bajo el control de la Secretar\u00eda de Gobernaci\u00f3n, pero, dijo, \u201cse ech\u00f3 a perder; se pudri\u00f3\u201d.<\/p>\n\n\n\n<p>En parte tiene raz\u00f3n el jefe del Ejecutivo: desde la creaci\u00f3n de la Secretar\u00eda de Seguridad P\u00fablica o de la Polic\u00eda Federal Preventiva, estos tuvieron sus cimientos en elementos del Ej\u00e9rcito y Marina que fueron reclutados para hacer labores de polic\u00edas, lo que ya de entrada ocasionaba un serio conflicto porque la formaci\u00f3n de un soldado\/marino es muy distinta a la del polic\u00eda de carrera.<\/p>\n\n\n\n<p>Algo que no se le puede debatir al tabasque\u00f1o, es que durante los 12 a\u00f1os que dur\u00f3 el panismo en la Presidencia de la Rep\u00fablica se crearon estructuras visibles de apoyo a c\u00e1rteles del narcotr\u00e1fico, aunado a la gran corrupci\u00f3n que deriv\u00f3 en el encarcelamiento en Estados Unidos del superpolic\u00eda de esos dos reg\u00edmenes: Genaro Garc\u00eda Luna. A otro que andan buscando por tortura es a Tom\u00e1s Zer\u00f3n, de la Agencia de Investigaci\u00f3n Criminal (lo que en el priato era la Polic\u00eda Judicial Federal).<\/p>\n\n\n\n<p>Donde quiz\u00e1s no le asiste la raz\u00f3n es en pensar que son precisamente los marinos y soldados los \u00fanicos incorruptibles, y que una polic\u00eda civil no es necesaria cuando durante varios a\u00f1os del siglo pasado existi\u00f3 en M\u00e9xico la mejor escuela de polic\u00edas en Latinoam\u00e9rica, que era la de la extinta Polic\u00eda Federal de Caminos.<\/p>\n\n\n\n<p>Un gobierno apoyado s\u00f3lo en las fuerzas armadas raya peligrosamente en una dictadura, pero se entiende que L\u00f3pez Obrador no tuvo otra alternativa m\u00e1s que en confiar en quienes entienden sin chistar de mando jer\u00e1rquico.<\/p>\n\n\n\n<p>AMLO insisti\u00f3 que la antigua Polic\u00eda Federal a lo mucho lleg\u00f3 a tener 40 mil elementos, pero la mitad eran solamente operativos. Hoy presume que son m\u00e1s de 100 mil elementos en la Guardia Nacional y la mayor\u00eda son operativos.<\/p>\n\n\n\n<p>Dentro de la construcci\u00f3n del nuevo cuartel en Xalapa nuevamente se vio la mano del Ej\u00e9rcito; no hubo, seg\u00fan el mandatario, una construcci\u00f3n licitada a una empresa privada, sino que fueron los ingenieros militares quienes se encargaron de construir los cuarteles. En el caso de Xalapa se invirtieron 25 millones de pesos para un terreno de una hect\u00e1rea, que dar\u00e1 albergue a 120 elementos.<\/p>\n\n\n\n<p>Sobre esto, L\u00f3pez Obrador tambi\u00e9n destac\u00f3 el hecho de que en pleno combate a la delincuencia, a los soldados, marinos y polic\u00edas los ten\u00edan en condiciones casi inhumanas durmiendo a la intemperie, en hoteles o en las mismas unidades, exponiendo a\u00fan m\u00e1s sus vidas. En eso le damos toda la raz\u00f3n; de hecho, en algunos lugares nos toc\u00f3 ver que los soldados pr\u00e1cticamente ten\u00edan que pedirle permisos a due\u00f1os de ranchos o casonas para que les dieran chance de hacer su campamento.<\/p>\n\n\n\n<p>En su mensaje, habl\u00f3 de que ya Veracruz ya no tiene los \u00edndices de violencia como en el pasado, especialmente en el ramo de secuestros y homicidios, pero tambi\u00e9n admite que no hay una sociedad perfecta y siguen habiendo asuntos pendientes por resolver.<\/p>\n\n\n\n<p>Por lo pronto, ac\u00e1 en la aldea ya hay un atentado contra un subprocurador de Medio Ambiente y ese caso sigue abierto, por lo que ser\u00eda bueno que resolvieran a la brevedad y dieran a conocer la verdad, sobre todo ahora que se sabe que no hay ning\u00fan detenido.<\/p>\n\n\n\n<p><strong>NOTA PARA PEGAR EN EL REFRI: <\/strong>Que en la Secretar\u00eda de Gobierno est\u00e1n con la duda de para qu\u00e9 sirve o qu\u00e9 utilidad tiene el subsecretario Carlos Ju\u00e1rez, quien nom\u00e1s se la pasa viajando y de vacaciones pero no destraba conflictos que s\u00f3lo reporta a los chats del Whatsapp del gobierno. Todo indica que al admirador de Hugo Ch\u00e1vez y Mahmud Ahmadineyad no le ha ca\u00eddo el veinte de que no s\u00f3lo se reportan situaciones v\u00eda mensajitos de texto con emoticonos, sino que es la Subsecretar\u00eda de Gobierno la que tiene que resolverlos (apagafuegos o bomberos, les dicen en la vieja escuela pol\u00edtica). Otros dicen que sencillamente nunca tuvo la capacidad y se instal\u00f3 c\u00f3modamente en el papel del &#8220;fiac\u00f3n&#8221; de la administraci\u00f3n estatal.<\/p>\n\n\n\n<p><strong>OTRA NOTA:<\/strong> Lo dec\u00edamos p\u00e1rrafos arriba: no hay ning\u00fan detenido en el caso del atentado que sufri\u00f3 el subprocurador de Medio Ambiente, Ernesto Cuevas, mejor conocido como \u201cEl Gallo Bolo\u201d. Lo que s\u00ed inform\u00f3 temprano por la ma\u00f1ana de este martes el gobernador Cuitl\u00e1huac Garc\u00eda Jim\u00e9nez es que existen dos l\u00edneas de investigaci\u00f3n y que la salud del exdiputado local y exalcalde de Juchique de Ferrer est\u00e1 reservada.<\/p>\n\n\n\n<p><strong>OTRA NOTA EXTRA: <\/strong>\u201cEl m\u00e9rito m\u00e1s grande que tuvo este muchacho fue haber sido un pusil\u00e1nime manipulable por una persona como Miguel \u00c1ngel Yunes, quien le pod\u00eda ordenar cualquier cosa, incluso hinc\u00e1rsele a tomarle fotos cuando fue gobernador cuando se entiende que era una instituci\u00f3n diferente, aut\u00f3noma y con personalidad propia, siempre sometido al poder\u201d, opin\u00f3 Luis \u00c1ngel Bravo Contreras sobre el exfiscal Winckler\u2026 Como se recordar\u00e1, Luis \u00c1ngel fue el primer fiscal que tuvo Veracruz desde los tiempos del Duartismo, quien renunci\u00f3 al cargo y luego fue encarcelado por Cascarita y sus huestes para tratar de ponerse una medallita electorera y subir los bonos de su bodoque cuando quer\u00eda heredarle la gubernatura.<\/p>\n\n\n\n<p><strong>LA \u00daLTIMA PORQUE LA SEGUNDA PARTE DE \u201cBATMAN, THE LONG HALLOWEEN\u201d: <\/strong>Descanse en paz el buen \u00c1ngel Gabriel Fern\u00e1ndez, un cronista nato, periodista con or\u00edgenes policiacos, donde tambi\u00e9n lo recuerdan como buen elemento y comandante, forjado en la vieja escuela de la desaparecida Direcci\u00f3n General de Seguridad P\u00fablica del Estado. Narrador de historias, con una memoria privilegiada. Desde hace tiempo padec\u00eda una enfermedad con la que ven\u00eda batallando, pero este martes su alma trascendi\u00f3. Periodismo acayuque\u00f1o, sure\u00f1o, veracruzano, de luto.<\/p>\n","protected":false},"excerpt":{"rendered":"<p>ColumnaSinNombre@pablojair El &#8220;fiac\u00f3n&#8221; de Palacio de Gobierno. No hay detenidos en caso Gallo Bolo. Winckler, pusil\u00e1nime: Bravo Contreras Descanse en paz, el buen \u00c1ngel Gabriel. Otro m\u00e9rito de Winckler es que tiene a\u00f1os desaparecidoy no lo hallan o no lo quieren encontrar\u2026&#8211;Chopenjawer La presencia de la Guardia Nacional es m\u00e1s que necesaria, seg\u00fan la Cuarta [&hellip;]<\/p>\n","protected":false},"author":1,"featured_media":488,"comment_status":"open","ping_status":"open","sticky":false,"template":"","format":"standard","meta":{"_jetpack_memberships_contains_paid_content":false,"footnotes":""},"categories":[11],"tags":[],"class_list":["post-16886","post","type-post","status-publish","format-standard","has-post-thumbnail","hentry","category-opinion"],"jetpack_featured_media_url":"https:\/\/encuentroinformativo.com.mx\/wp-content\/uploads\/2020\/03\/F471F608-BA1A-416B-BA7B-BCFB24F4E6D0.jpeg","jetpack_sharing_enabled":true,"jetpack_likes_enabled":true,"amp_enabled":true,"_links":{"self":[{"href":"https:\/\/encuentroinformativo.com.mx\/index.php?rest_route=\/wp\/v2\/posts\/16886","targetHints":{"allow":["GET"]}}],"collection":[{"href":"https:\/\/encuentroinformativo.com.mx\/index.php?rest_route=\/wp\/v2\/posts"}],"about":[{"href":"https:\/\/encuentroinformativo.com.mx\/index.php?rest_route=\/wp\/v2\/types\/post"}],"author":[{"embeddable":true,"href":"https:\/\/encuentroinformativo.com.mx\/index.php?rest_route=\/wp\/v2\/users\/1"}],"replies":[{"embeddable":true,"href":"https:\/\/encuentroinformativo.com.mx\/index.php?rest_route=%2Fwp%2Fv2%2Fcomments&post=16886"}],"version-history":[{"count":1,"href":"https:\/\/encuentroinformativo.com.mx\/index.php?rest_route=\/wp\/v2\/posts\/16886\/revisions"}],"predecessor-version":[{"id":16887,"href":"https:\/\/encuentroinformativo.com.mx\/index.php?rest_route=\/wp\/v2\/posts\/16886\/revisions\/16887"}],"wp:featuredmedia":[{"embeddable":true,"href":"https:\/\/encuentroinformativo.com.mx\/index.php?rest_route=\/wp\/v2\/media\/488"}],"wp:attachment":[{"href":"https:\/\/encuentroinformativo.com.mx\/index.php?rest_route=%2Fwp%2Fv2%2Fmedia&parent=16886"}],"wp:term":[{"taxonomy":"category","embeddable":true,"href":"https:\/\/encuentroinformativo.com.mx\/index.php?rest_route=%2Fwp%2Fv2%2Fcategories&post=16886"},{"taxonomy":"post_tag","embeddable":true,"href":"https:\/\/encuentroinformativo.com.mx\/index.php?rest_route=%2Fwp%2Fv2%2Ftags&post=16886"}],"curies":[{"name":"wp","href":"https:\/\/api.w.org\/{rel}","templated":true}]}}