{"id":16890,"date":"2021-07-28T12:04:33","date_gmt":"2021-07-28T17:04:33","guid":{"rendered":"https:\/\/encuentroinformativo.com.mx\/?p=16890"},"modified":"2021-07-28T12:04:46","modified_gmt":"2021-07-28T17:04:46","slug":"colectivo-cannabico-demanda-agilizar-lineamientos-para-consumo","status":"publish","type":"post","link":"https:\/\/encuentroinformativo.com.mx\/?p=16890","title":{"rendered":"Colectivo Cann\u00e1bico demanda agilizar lineamientos para consumo"},"content":{"rendered":"\n<p><strong>Juan Arcos<\/strong><\/p>\n\n\n\n<p>Xalapa, Ver.- Integrantes del Colectivo Cann\u00e1bico Interdiciplinario Mexicano protestaron afuera de la Secretar\u00eda de Salud de Veracruz para exigir transparencia y la agilizaci\u00f3n en el tr\u00e1mite de los lineamientos para que los consumidores accedan a los permisos correspondientes.<\/p>\n\n\n\n<p>Los quejosos montaron un m\u00f3dulo informativo en el acceso principal a las oficinas de la dependencia estatal, ubicadas sobre la calle Soconusco de la colonia Aguacatal, donde firmaron un documento que entregar\u00edan a Bartolo Avenda\u00f1o Borromeo, titular de la Direcci\u00f3n de Protecci\u00f3n Contra Riesgos Sanitarios.<\/p>\n\n\n\n<p>Los consumidores de la planta colocaron pancartas con los mensajes: \u201cde qu\u00e9 me sirve la legalidad si con su registro me van a vulnerar\u201d, \u201csi mi mam\u00e1 sabe, \u00a1no me quiero esconder!\u201d y \u201cregistro sin prejuicios\u201d.<\/p>\n\n\n\n<p>De acuerdo con Mar\u00eda Fernanda Alpizar Rodr\u00edguez, representante del Colectivo Cann\u00e1bico, los consumidores est\u00e1n en contra de que las instituciones exijan sus datos personales para obtener las autorizaciones, toda vez que podr\u00edan prestarse para el acoso y la posibilidad de que sean investigados.<\/p>\n\n\n\n<p>\u201cA la hora y en el momento en que ellos lo decidan, con el uso de nuestros datos, no sabemos en manos de qui\u00e9n puedan llegar a caer, entonces es lo que se pide: protecci\u00f3n de nuestros datos personas y de nuestra privacidad\u201d.<\/p>\n\n\n\n<p>La Bi\u00f3loga consider\u00f3 que el registro ha sido ejercido por el gobierno para tener el control, al tratarse de una sustancia catalogada como psicoactiva.<\/p>\n\n\n\n<p>\u201cSe dice que deben tener control, registro e informaci\u00f3n para brindarnos, pero eso se puede hacer a trav\u00e9s de las asociaciones civiles que trabajan en pro de la difusi\u00f3n de estas situaciones relacionadas a la planta\u201d.<br>Alpizar Rodr\u00edguez refiri\u00f3 que tampoco han sido informados sobre la fecha en que ser\u00e1n otorgados los permisos para el uso l\u00fadico y recreativo de la marihuana.<\/p>\n\n\n\n<p>Record\u00f3 que anteriormente los permisos eran solicitados a la Comisi\u00f3n Federal para la Protecci\u00f3n contra Riesgos Sanitarios (Cofepris) y, al ser negados, exist\u00eda la posibilidad de tramitar un amparo.<\/p>\n\n\n\n<p>Sin embargo, en la actualidad no es necesario llegar al amparo, toda vez que, a finales de junio pasado, la Suprema Corte de Justicia de la Naci\u00f3n (SCJN) consider\u00f3 \u201cinconstitucional\u201d que la Ley General de Salud limitara el uso l\u00fadico y recreativo de la marihuana.<\/p>\n\n\n\n<figure class=\"wp-block-image size-large\"><img loading=\"lazy\" decoding=\"async\" width=\"1024\" height=\"768\" src=\"https:\/\/encuentroinformativo.com.mx\/wp-content\/uploads\/2021\/07\/F5ADBE54-8351-4478-A0A4-AC05D6095981-1024x768.jpeg\" alt=\"\" class=\"wp-image-16892\" srcset=\"https:\/\/encuentroinformativo.com.mx\/wp-content\/uploads\/2021\/07\/F5ADBE54-8351-4478-A0A4-AC05D6095981-1024x768.jpeg 1024w, https:\/\/encuentroinformativo.com.mx\/wp-content\/uploads\/2021\/07\/F5ADBE54-8351-4478-A0A4-AC05D6095981-300x225.jpeg 300w, https:\/\/encuentroinformativo.com.mx\/wp-content\/uploads\/2021\/07\/F5ADBE54-8351-4478-A0A4-AC05D6095981-768x576.jpeg 768w, https:\/\/encuentroinformativo.com.mx\/wp-content\/uploads\/2021\/07\/F5ADBE54-8351-4478-A0A4-AC05D6095981-1536x1152.jpeg 1536w, https:\/\/encuentroinformativo.com.mx\/wp-content\/uploads\/2021\/07\/F5ADBE54-8351-4478-A0A4-AC05D6095981.jpeg 1600w\" sizes=\"auto, (max-width: 1024px) 100vw, 1024px\" \/><\/figure>\n","protected":false},"excerpt":{"rendered":"<p>Juan Arcos Xalapa, Ver.- Integrantes del Colectivo Cann\u00e1bico Interdiciplinario Mexicano protestaron afuera de la Secretar\u00eda de Salud de Veracruz para exigir transparencia y la agilizaci\u00f3n en el tr\u00e1mite de los lineamientos para que los consumidores accedan a los permisos correspondientes. Los quejosos montaron un m\u00f3dulo informativo en el acceso principal a las oficinas de la [&hellip;]<\/p>\n","protected":false},"author":1,"featured_media":16891,"comment_status":"open","ping_status":"open","sticky":false,"template":"","format":"standard","meta":{"_jetpack_memberships_contains_paid_content":false,"footnotes":""},"categories":[9],"tags":[],"class_list":["post-16890","post","type-post","status-publish","format-standard","has-post-thumbnail","hentry","category-salud"],"jetpack_featured_media_url":"https:\/\/encuentroinformativo.com.mx\/wp-content\/uploads\/2021\/07\/DE26E3CA-5763-4FB1-A300-787A6448698D.jpeg","jetpack_sharing_enabled":true,"jetpack_likes_enabled":true,"amp_enabled":true,"_links":{"self":[{"href":"https:\/\/encuentroinformativo.com.mx\/index.php?rest_route=\/wp\/v2\/posts\/16890","targetHints":{"allow":["GET"]}}],"collection":[{"href":"https:\/\/encuentroinformativo.com.mx\/index.php?rest_route=\/wp\/v2\/posts"}],"about":[{"href":"https:\/\/encuentroinformativo.com.mx\/index.php?rest_route=\/wp\/v2\/types\/post"}],"author":[{"embeddable":true,"href":"https:\/\/encuentroinformativo.com.mx\/index.php?rest_route=\/wp\/v2\/users\/1"}],"replies":[{"embeddable":true,"href":"https:\/\/encuentroinformativo.com.mx\/index.php?rest_route=%2Fwp%2Fv2%2Fcomments&post=16890"}],"version-history":[{"count":1,"href":"https:\/\/encuentroinformativo.com.mx\/index.php?rest_route=\/wp\/v2\/posts\/16890\/revisions"}],"predecessor-version":[{"id":16893,"href":"https:\/\/encuentroinformativo.com.mx\/index.php?rest_route=\/wp\/v2\/posts\/16890\/revisions\/16893"}],"wp:featuredmedia":[{"embeddable":true,"href":"https:\/\/encuentroinformativo.com.mx\/index.php?rest_route=\/wp\/v2\/media\/16891"}],"wp:attachment":[{"href":"https:\/\/encuentroinformativo.com.mx\/index.php?rest_route=%2Fwp%2Fv2%2Fmedia&parent=16890"}],"wp:term":[{"taxonomy":"category","embeddable":true,"href":"https:\/\/encuentroinformativo.com.mx\/index.php?rest_route=%2Fwp%2Fv2%2Fcategories&post=16890"},{"taxonomy":"post_tag","embeddable":true,"href":"https:\/\/encuentroinformativo.com.mx\/index.php?rest_route=%2Fwp%2Fv2%2Ftags&post=16890"}],"curies":[{"name":"wp","href":"https:\/\/api.w.org\/{rel}","templated":true}]}}