{"id":16894,"date":"2021-07-28T12:52:55","date_gmt":"2021-07-28T17:52:55","guid":{"rendered":"https:\/\/encuentroinformativo.com.mx\/?p=16894"},"modified":"2021-07-28T12:53:00","modified_gmt":"2021-07-28T17:53:00","slug":"siguen-despidos-y-anomalias-en-cecytev-acusan-ex-trabajadores","status":"publish","type":"post","link":"https:\/\/encuentroinformativo.com.mx\/?p=16894","title":{"rendered":"Siguen despidos y anomal\u00edas en Cecytev, acusan ex trabajadores"},"content":{"rendered":"\n<p><strong>Dar\u00edo Pale<\/strong><\/p>\n\n\n\n<p>Xalapa, Ver.- Personal despedido del Centro de Estudios Cient\u00edficos y Tecnol\u00f3gicos de Veracruz (Cecytev), acusaron que el Director de dicha instituci\u00f3n se construy\u00f3 gimnasio personal con ba\u00f1os.<\/p>\n\n\n\n<p>En conferencia de prensa realizada en conocido caf\u00e9 del centro de Xalapa, se\u00f1alaron que contin\u00faan los despidos, tan solo en este a\u00f1o Javier Baizabal ha despedido a m\u00e1s de 70 trabajadores administrativos y docentes de manera injustificada en mayo del a\u00f1o pasado, exigieron la intervenci\u00f3n del Gobernador y del secretario de Educaci\u00f3n, Zenyazen Escobar, para que cese el acoso y los despidos por parte del director general.<\/p>\n\n\n\n<p>El profesor Fernando Martell Luna, indic\u00f3 que se han seguido registrando irregularidades como abuso de poder por parte de Javier Baizabal Cordero, director general de dicha dependencia, quien ha dejado sin su fuente de trabajo a empleados desde Huayacocotla hasta Las Choapas.<\/p>\n\n\n\n<p>Otra de las irregularidades es que, como el directivo se presume un gran deportista, se mand\u00f3 a hacer un gimnasio personal en el tercer piso del edificio donde despacha, con ba\u00f1os, aunque todo eso se hizo sin la supervisi\u00f3n de un arquitecto y sin permisos de construcci\u00f3n.<\/p>\n\n\n\n<p>Asimismo, dieron a conocer que tan s\u00f3lo de febrero a la fecha ha despedido a m\u00e1s de 70 trabajadores y maestros y tan s\u00f3lo el 17 de mayo despidi\u00f3 a 9, incluso a trabajadores de base con una antig\u00fcedad de m\u00e1s de 14 a\u00f1os.<br>Los inconformes indicaron que el presidente Andr\u00e9s Manuel L\u00f3pez Obrador dio la instrucci\u00f3n al Gobernador para que su situaci\u00f3n se resuelva, pero cuando le piden el apoyo, no les hace caso.<\/p>\n\n\n\n<p>Mostraron los oficios que han presentado en varias dependencias del Estado y de la Federaci\u00f3n, as\u00ed como para algunos diputados locales para que se les resuelva, no para que se les atienda.<\/p>\n\n\n\n<p>&#8220;No nos liquidan conforme a Ley, ni siquiera nos liquidan y adem\u00e1s este se\u00f1or (el director), siempre est\u00e1 diciendo que es amigo del Gobernador, que est\u00e1 protegido, que no lo van a mover, que demandemos, que pasar\u00e1n 10 a\u00f1os y para entonces ya se habr\u00e1 ido&#8221;, se\u00f1al\u00f3 la maestra Luz del Carmen Gonz\u00e1lez.<\/p>\n\n\n\n<p>Por su parte, el diputado federal suplente, Ram\u00f3n Pino M\u00e9ndez, del distrito de Huatusco, denunci\u00f3 que por un lado est\u00e1n despidiendo a los trabajadores y por otro est\u00e1n contratando a m\u00e1s personal, con salarios de m\u00e1s de 30 mil pesos mensuales, por lo que solicit\u00f3 una auditor\u00eda a la Contralor\u00eda General del Estado.<\/p>\n\n\n\n<p>Inform\u00f3 que se reuni\u00f3 con el secretario particular del secretario Zenyazen Escobar, as\u00ed como con el subsecretario de Educaci\u00f3n Media Superior, Jorge Miguel Uscanga, pero &#8220;est\u00e1n cerrados&#8221;.<\/p>\n\n\n\n<p>Finalmente el legislador suplente del diputado Eleuterio Arrieta S\u00e1nchez, refiri\u00f3 que solicitaron el apoyo de dos organizaciones sindicales para que paren los despidos, as\u00ed como el de una barra de abogados para que revisen este asunto.<\/p>\n\n\n\n<figure class=\"wp-block-image size-large\"><img loading=\"lazy\" decoding=\"async\" width=\"1024\" height=\"682\" src=\"https:\/\/encuentroinformativo.com.mx\/wp-content\/uploads\/2021\/07\/754D4297-E4E4-4670-B037-B02B168C23E8-1024x682.jpeg\" alt=\"\" class=\"wp-image-16896\" srcset=\"https:\/\/encuentroinformativo.com.mx\/wp-content\/uploads\/2021\/07\/754D4297-E4E4-4670-B037-B02B168C23E8-1024x682.jpeg 1024w, https:\/\/encuentroinformativo.com.mx\/wp-content\/uploads\/2021\/07\/754D4297-E4E4-4670-B037-B02B168C23E8-300x200.jpeg 300w, https:\/\/encuentroinformativo.com.mx\/wp-content\/uploads\/2021\/07\/754D4297-E4E4-4670-B037-B02B168C23E8-768x512.jpeg 768w, https:\/\/encuentroinformativo.com.mx\/wp-content\/uploads\/2021\/07\/754D4297-E4E4-4670-B037-B02B168C23E8.jpeg 1280w\" sizes=\"auto, (max-width: 1024px) 100vw, 1024px\" \/><\/figure>\n","protected":false},"excerpt":{"rendered":"<p>Dar\u00edo Pale Xalapa, Ver.- Personal despedido del Centro de Estudios Cient\u00edficos y Tecnol\u00f3gicos de Veracruz (Cecytev), acusaron que el Director de dicha instituci\u00f3n se construy\u00f3 gimnasio personal con ba\u00f1os. En conferencia de prensa realizada en conocido caf\u00e9 del centro de Xalapa, se\u00f1alaron que contin\u00faan los despidos, tan solo en este a\u00f1o Javier Baizabal ha despedido [&hellip;]<\/p>\n","protected":false},"author":1,"featured_media":16895,"comment_status":"open","ping_status":"open","sticky":false,"template":"","format":"standard","meta":{"_jetpack_memberships_contains_paid_content":false,"footnotes":""},"categories":[3],"tags":[],"class_list":["post-16894","post","type-post","status-publish","format-standard","has-post-thumbnail","hentry","category-xalapa"],"jetpack_featured_media_url":"https:\/\/encuentroinformativo.com.mx\/wp-content\/uploads\/2021\/07\/E6704245-6CD2-4021-AFB1-99ABE8607F25.jpeg","jetpack_sharing_enabled":true,"jetpack_likes_enabled":true,"amp_enabled":true,"_links":{"self":[{"href":"https:\/\/encuentroinformativo.com.mx\/index.php?rest_route=\/wp\/v2\/posts\/16894","targetHints":{"allow":["GET"]}}],"collection":[{"href":"https:\/\/encuentroinformativo.com.mx\/index.php?rest_route=\/wp\/v2\/posts"}],"about":[{"href":"https:\/\/encuentroinformativo.com.mx\/index.php?rest_route=\/wp\/v2\/types\/post"}],"author":[{"embeddable":true,"href":"https:\/\/encuentroinformativo.com.mx\/index.php?rest_route=\/wp\/v2\/users\/1"}],"replies":[{"embeddable":true,"href":"https:\/\/encuentroinformativo.com.mx\/index.php?rest_route=%2Fwp%2Fv2%2Fcomments&post=16894"}],"version-history":[{"count":1,"href":"https:\/\/encuentroinformativo.com.mx\/index.php?rest_route=\/wp\/v2\/posts\/16894\/revisions"}],"predecessor-version":[{"id":16897,"href":"https:\/\/encuentroinformativo.com.mx\/index.php?rest_route=\/wp\/v2\/posts\/16894\/revisions\/16897"}],"wp:featuredmedia":[{"embeddable":true,"href":"https:\/\/encuentroinformativo.com.mx\/index.php?rest_route=\/wp\/v2\/media\/16895"}],"wp:attachment":[{"href":"https:\/\/encuentroinformativo.com.mx\/index.php?rest_route=%2Fwp%2Fv2%2Fmedia&parent=16894"}],"wp:term":[{"taxonomy":"category","embeddable":true,"href":"https:\/\/encuentroinformativo.com.mx\/index.php?rest_route=%2Fwp%2Fv2%2Fcategories&post=16894"},{"taxonomy":"post_tag","embeddable":true,"href":"https:\/\/encuentroinformativo.com.mx\/index.php?rest_route=%2Fwp%2Fv2%2Ftags&post=16894"}],"curies":[{"name":"wp","href":"https:\/\/api.w.org\/{rel}","templated":true}]}}