{"id":169,"date":"2020-02-27T09:25:26","date_gmt":"2020-02-27T09:25:26","guid":{"rendered":"https:\/\/encuentroinformativodotcomdotmx.wordpress.com\/?p=169"},"modified":"2020-03-04T08:34:47","modified_gmt":"2020-03-04T08:34:47","slug":"opinion-chaleco-o-faja","status":"publish","type":"post","link":"https:\/\/encuentroinformativo.com.mx\/?p=169","title":{"rendered":"Chaleco o faja"},"content":{"rendered":"<p><img loading=\"lazy\" decoding=\"async\" class=\"size-medium wp-image-70 alignright\" src=\"https:\/\/encuentroinformativo.com.mx\/wp-content\/uploads\/2020\/02\/opinion-invitado.jpg?w=300\" alt=\"\" width=\"300\" height=\"134\" srcset=\"https:\/\/encuentroinformativo.com.mx\/wp-content\/uploads\/2020\/02\/opinion-invitado.jpg 2000w, https:\/\/encuentroinformativo.com.mx\/wp-content\/uploads\/2020\/02\/opinion-invitado-300x134.jpg 300w, https:\/\/encuentroinformativo.com.mx\/wp-content\/uploads\/2020\/02\/opinion-invitado-1024x456.jpg 1024w, https:\/\/encuentroinformativo.com.mx\/wp-content\/uploads\/2020\/02\/opinion-invitado-768x342.jpg 768w, https:\/\/encuentroinformativo.com.mx\/wp-content\/uploads\/2020\/02\/opinion-invitado-1536x684.jpg 1536w, https:\/\/encuentroinformativo.com.mx\/wp-content\/uploads\/2020\/02\/opinion-invitado-1200x534.jpg 1200w, https:\/\/encuentroinformativo.com.mx\/wp-content\/uploads\/2020\/02\/opinion-invitado-1980x881.jpg 1980w\" sizes=\"auto, (max-width: 300px) 100vw, 300px\" \/><\/p>\n<p><strong>Los Pol\u00edticos<\/strong><\/p>\n<p><strong>Salvador Mu\u00f1oz<\/strong><\/p>\n<p>No recuerdo haber percibido en un presidente o gobernador ni alcalde, el uso de un chaleco antibalas hasta hace unos d\u00edas que circularon por las redes, dos fotos del presidente Andr\u00e9s Manuel L\u00f3pez Obrador y su apretado atuendo que hac\u00edan ver deforme el traje que portaba el D\u00eda de la Bandera en el z\u00f3calo de la Ciudad de M\u00e9xico.<\/p>\n<p>A ojo de buen cubero, podr\u00edamos tomar en cuenta dos cosas: O trae mal puesto el chaleco antibalas; o trae realmente una faja.<\/p>\n<p>No nos quedamos con la duda y preguntamos a gente que sabe del uso de estos aditamentos de protecci\u00f3n y la respuesta me sorprendi\u00f3: Sin asegurar, porque s\u00f3lo hay dos fotos, hubo quienes consideran que podr\u00eda tratarse de un chaleco antibalas as\u00ed como de protecci\u00f3n contra arma blanca\u2026 se trata del Chaleco Antibalas Interior Nidec Modelo Dutyguard Nivel NIJ IIIA Anticuchillo y Punz\u00f3n, que de acuerdo a su forma, se acerca m\u00e1s a la figura que se ve en las fotos de AMLO.<\/p>\n<p>Tambi\u00e9n hubo quienes consideraron que pudiera tratarse de una faja para corregir postura aunque ah\u00ed s\u00ed puse un \u201cpero\u201d, porque uso dos, y en nada se acercan a algo parecido a lo que trae puesto el Presidente. Sin embargo, dando el beneficio de la duda, supongamos que se trata de una especie de faja, pero \u00bfa qui\u00e9n se le ocurre romperle la figura al Presidente con ese aditamento\u2026 o con el otro?<\/p>\n<p>Ahora, en cualquiera de los dos supuestos, algo est\u00e1 mal en el Presidente:<\/p>\n<p>Por un lado, se estar\u00eda hablando de dos opciones en este apartado: o se tiene informaci\u00f3n de que su persona corre riesgo en espacios abiertos; o simplemente el Presidente teme que el Pueblo Malo lo ataque sin que el Pueblo Bueno sea capaz de defenderlo.<\/p>\n<p>En el otro supuesto, simplemente se estar\u00eda pensando en que sufre de contracturas L\u00f3pez Obrador y bien le valdr\u00eda un fin de semana en las aguas termales de Carrizal, ac\u00e1 en Veracruz.<\/p>\n<p>\u00a1Ojo! Extremar las precauciones por parte del Presidente no debe verse como extra\u00f1eza\u2026 \u00a1vamos! las condiciones en el pa\u00eds no est\u00e1n como para andar por las calles de M\u00e9xico como si nada y m\u00e1s si eres el Primer Mandatario de un pa\u00eds donde germina la divisi\u00f3n, el rencor, el enfado; donde los homicidios y feminicidios son el pan nuestro de cada d\u00eda; donde los atentados con roces de terrorismo se dan con la misma facilidad con que uno arroja basura en la calle\u2026 o en las ma\u00f1aneras\u2026 donde el crimen organizado puede poner en jaque a una ciudad porque le detuvieron a su Jefe de Plaza (remember Ovidio Guzm\u00e1n y el ejemplo a seguir)&#8230; en lo particular, si AMLO usa un chaleco antibalas y contra arma blanca, \u00a1qu\u00e9 bueno!<\/p>\n<p>Ahora que si me preguntan, igual, de manera personal, creo que luce mal la figura presidencial con algo bajo la camisa, sea chaleco o faja.<\/p>\n<p>O bien, si se trata de un Chaleco, pudiera usar otros m\u00e1s ad hoc a su ideolog\u00eda, como el Chaleco Moral de Fidel Castro (\u201cque me ha protegido siempre\u201d) o el cl\u00e1sico mexicano, como \u201cLas Mangas del Chaleco\u201d (con tal de salir en esa c\u00e1psula)&#8230; aunque a c\u00f3mo va, todo pudiera indicar que en una de \u00e9sas, el mejor chaleco que le quede sea uno de fuerza\u2026<\/p>\n<p><a href=\"mailto:smcainito@gmail.com\">smcainito@gmail.com<\/a><\/p>\n","protected":false},"excerpt":{"rendered":"<p>Los Pol\u00edticos Salvador Mu\u00f1oz No recuerdo haber percibido en un presidente o gobernador ni alcalde, el uso de un chaleco antibalas hasta hace unos d\u00edas que circularon por las redes, dos fotos del presidente Andr\u00e9s Manuel L\u00f3pez Obrador y su apretado atuendo que hac\u00edan ver deforme el traje que portaba el D\u00eda de la Bandera [&hellip;]<\/p>\n","protected":false},"author":1,"featured_media":70,"comment_status":"open","ping_status":"open","sticky":false,"template":"","format":"standard","meta":{"_jetpack_memberships_contains_paid_content":false,"footnotes":""},"categories":[11],"tags":[],"class_list":["post-169","post","type-post","status-publish","format-standard","has-post-thumbnail","hentry","category-opinion"],"jetpack_featured_media_url":"https:\/\/encuentroinformativo.com.mx\/wp-content\/uploads\/2020\/02\/opinion-invitado.jpg","jetpack_sharing_enabled":true,"jetpack_likes_enabled":true,"amp_enabled":true,"_links":{"self":[{"href":"https:\/\/encuentroinformativo.com.mx\/index.php?rest_route=\/wp\/v2\/posts\/169","targetHints":{"allow":["GET"]}}],"collection":[{"href":"https:\/\/encuentroinformativo.com.mx\/index.php?rest_route=\/wp\/v2\/posts"}],"about":[{"href":"https:\/\/encuentroinformativo.com.mx\/index.php?rest_route=\/wp\/v2\/types\/post"}],"author":[{"embeddable":true,"href":"https:\/\/encuentroinformativo.com.mx\/index.php?rest_route=\/wp\/v2\/users\/1"}],"replies":[{"embeddable":true,"href":"https:\/\/encuentroinformativo.com.mx\/index.php?rest_route=%2Fwp%2Fv2%2Fcomments&post=169"}],"version-history":[{"count":1,"href":"https:\/\/encuentroinformativo.com.mx\/index.php?rest_route=\/wp\/v2\/posts\/169\/revisions"}],"predecessor-version":[{"id":371,"href":"https:\/\/encuentroinformativo.com.mx\/index.php?rest_route=\/wp\/v2\/posts\/169\/revisions\/371"}],"wp:featuredmedia":[{"embeddable":true,"href":"https:\/\/encuentroinformativo.com.mx\/index.php?rest_route=\/wp\/v2\/media\/70"}],"wp:attachment":[{"href":"https:\/\/encuentroinformativo.com.mx\/index.php?rest_route=%2Fwp%2Fv2%2Fmedia&parent=169"}],"wp:term":[{"taxonomy":"category","embeddable":true,"href":"https:\/\/encuentroinformativo.com.mx\/index.php?rest_route=%2Fwp%2Fv2%2Fcategories&post=169"},{"taxonomy":"post_tag","embeddable":true,"href":"https:\/\/encuentroinformativo.com.mx\/index.php?rest_route=%2Fwp%2Fv2%2Ftags&post=169"}],"curies":[{"name":"wp","href":"https:\/\/api.w.org\/{rel}","templated":true}]}}