{"id":16904,"date":"2021-07-28T15:06:36","date_gmt":"2021-07-28T20:06:36","guid":{"rendered":"https:\/\/encuentroinformativo.com.mx\/?p=16904"},"modified":"2021-07-28T15:06:40","modified_gmt":"2021-07-28T20:06:40","slug":"en-apazapan-pobladores-acusan-abandono-de-camion-de-bomberos","status":"publish","type":"post","link":"https:\/\/encuentroinformativo.com.mx\/?p=16904","title":{"rendered":"En Apazapan, pobladores acusan abandono de cami\u00f3n de bomberos"},"content":{"rendered":"\n<p><strong>Juan Arcos<\/strong><\/p>\n\n\n\n<p>Xalapa, Ver.- Pobladores de Apazapan denunciaron que el ayuntamiento tiene en el abandono el cami\u00f3n de bomberos en la parte trasera del Palacio Municipal, desde el a\u00f1o 2018.<\/p>\n\n\n\n<p>Los habitantes acusaron que la administraci\u00f3n, misma que concluir\u00e1 en unos meses y encabeza C\u00e9sar Flores Colorado, no dio mantenimiento a la unidad.<\/p>\n\n\n\n<p>Adem\u00e1s, comentaron que el cami\u00f3n ha sido desvalijado y le han robado accesorios que son importantes para su operaci\u00f3n.<\/p>\n\n\n\n<p>Cabe destacar que la pintura de la unidad se ha deteriorado al permanecer tanto tiempo bajo el sol.<\/p>\n\n\n\n<p>Incluso, los vecinos criticaron que el cami\u00f3n solo sea utilizado como un juguete para ni\u00f1as y ni\u00f1os, durante el d\u00eda y, por la noche, como una barra de cantina por quienes ingieren bebidas alcoh\u00f3licas en la v\u00eda p\u00fablica.<\/p>\n\n\n\n<p>El veh\u00edculo fue donado por la cementera que opera en este municipio, ubicado a solo cinco kil\u00f3metros de Jalcomulco, una zona conocida por el descenso en el r\u00edo Los Pescados.<\/p>\n\n\n\n<p>\u201cEn el periodo del 2005 al 2008 estuvo en la comunidad de Cerro Colorado y en un acuerdo con el Ayuntamiento se le dio el carro al municipio, pero ahorita el carro ya est\u00e1 desvalijado pr\u00e1cticamente porque ya no tiene nada de los accesorios, y desde entonces no se ha arrancado y una escalera se perdi\u00f3 y contaba con dos trajes de bomberos, y ahorita que va de salida el alcalde pues menos tiene inter\u00e9s\u201d, expresaron los ciudadanos, de manera an\u00f3nima.<\/p>\n\n\n\n<p>Finalmente, se\u00f1alaron al Presidente Municipal de negarse a donar el cami\u00f3n a una corporaci\u00f3n de bomberos para que \u00e9ste sea realmente aprovechado para atender emergencias de la poblaci\u00f3n.<\/p>\n\n\n\n<figure class=\"wp-block-image size-large\"><img loading=\"lazy\" decoding=\"async\" width=\"1024\" height=\"681\" src=\"https:\/\/encuentroinformativo.com.mx\/wp-content\/uploads\/2021\/07\/534735D6-BAA8-4B65-9E6A-F88AC750A7E0-1024x681.jpeg\" alt=\"\" class=\"wp-image-16906\" srcset=\"https:\/\/encuentroinformativo.com.mx\/wp-content\/uploads\/2021\/07\/534735D6-BAA8-4B65-9E6A-F88AC750A7E0-1024x681.jpeg 1024w, https:\/\/encuentroinformativo.com.mx\/wp-content\/uploads\/2021\/07\/534735D6-BAA8-4B65-9E6A-F88AC750A7E0-300x199.jpeg 300w, https:\/\/encuentroinformativo.com.mx\/wp-content\/uploads\/2021\/07\/534735D6-BAA8-4B65-9E6A-F88AC750A7E0-768x511.jpeg 768w, https:\/\/encuentroinformativo.com.mx\/wp-content\/uploads\/2021\/07\/534735D6-BAA8-4B65-9E6A-F88AC750A7E0.jpeg 1280w\" sizes=\"auto, (max-width: 1024px) 100vw, 1024px\" \/><\/figure>\n","protected":false},"excerpt":{"rendered":"<p>Juan Arcos Xalapa, Ver.- Pobladores de Apazapan denunciaron que el ayuntamiento tiene en el abandono el cami\u00f3n de bomberos en la parte trasera del Palacio Municipal, desde el a\u00f1o 2018. Los habitantes acusaron que la administraci\u00f3n, misma que concluir\u00e1 en unos meses y encabeza C\u00e9sar Flores Colorado, no dio mantenimiento a la unidad. Adem\u00e1s, comentaron [&hellip;]<\/p>\n","protected":false},"author":1,"featured_media":16905,"comment_status":"open","ping_status":"open","sticky":false,"template":"","format":"standard","meta":{"_jetpack_memberships_contains_paid_content":false,"footnotes":""},"categories":[8],"tags":[],"class_list":["post-16904","post","type-post","status-publish","format-standard","has-post-thumbnail","hentry","category-region"],"jetpack_featured_media_url":"https:\/\/encuentroinformativo.com.mx\/wp-content\/uploads\/2021\/07\/A71A3D2E-8CA4-4FD4-95D2-02021581B55F.jpeg","jetpack_sharing_enabled":true,"jetpack_likes_enabled":true,"amp_enabled":true,"_links":{"self":[{"href":"https:\/\/encuentroinformativo.com.mx\/index.php?rest_route=\/wp\/v2\/posts\/16904","targetHints":{"allow":["GET"]}}],"collection":[{"href":"https:\/\/encuentroinformativo.com.mx\/index.php?rest_route=\/wp\/v2\/posts"}],"about":[{"href":"https:\/\/encuentroinformativo.com.mx\/index.php?rest_route=\/wp\/v2\/types\/post"}],"author":[{"embeddable":true,"href":"https:\/\/encuentroinformativo.com.mx\/index.php?rest_route=\/wp\/v2\/users\/1"}],"replies":[{"embeddable":true,"href":"https:\/\/encuentroinformativo.com.mx\/index.php?rest_route=%2Fwp%2Fv2%2Fcomments&post=16904"}],"version-history":[{"count":1,"href":"https:\/\/encuentroinformativo.com.mx\/index.php?rest_route=\/wp\/v2\/posts\/16904\/revisions"}],"predecessor-version":[{"id":16907,"href":"https:\/\/encuentroinformativo.com.mx\/index.php?rest_route=\/wp\/v2\/posts\/16904\/revisions\/16907"}],"wp:featuredmedia":[{"embeddable":true,"href":"https:\/\/encuentroinformativo.com.mx\/index.php?rest_route=\/wp\/v2\/media\/16905"}],"wp:attachment":[{"href":"https:\/\/encuentroinformativo.com.mx\/index.php?rest_route=%2Fwp%2Fv2%2Fmedia&parent=16904"}],"wp:term":[{"taxonomy":"category","embeddable":true,"href":"https:\/\/encuentroinformativo.com.mx\/index.php?rest_route=%2Fwp%2Fv2%2Fcategories&post=16904"},{"taxonomy":"post_tag","embeddable":true,"href":"https:\/\/encuentroinformativo.com.mx\/index.php?rest_route=%2Fwp%2Fv2%2Ftags&post=16904"}],"curies":[{"name":"wp","href":"https:\/\/api.w.org\/{rel}","templated":true}]}}