{"id":16913,"date":"2021-07-29T10:35:14","date_gmt":"2021-07-29T15:35:14","guid":{"rendered":"https:\/\/encuentroinformativo.com.mx\/?p=16913"},"modified":"2021-07-29T10:35:18","modified_gmt":"2021-07-29T15:35:18","slug":"rechazan-estudiantes-retorno-a-clases-presenciales-en-veracruz","status":"publish","type":"post","link":"https:\/\/encuentroinformativo.com.mx\/?p=16913","title":{"rendered":"Rechazan estudiantes retorno a clases presenciales en Veracruz"},"content":{"rendered":"\n<p><strong>Juan Arcos<\/strong><\/p>\n\n\n\n<p>Xalapa, Ver.- Integrantes de la Federaci\u00f3n Nacional de Estudiantes Revolucionarios Rafael Ram\u00edrez iniciaron la toma de escuelas en el estado de Veracruz, en rechazo al regreso a clases presenciales el pr\u00f3ximo 30 de agosto.<\/p>\n\n\n\n<p>Se pronunciaron nuevamente a favor del retorno a las aulas, pero hasta que la mayor\u00eda de los alumnos est\u00e9n vacunados contra el SARS-COV-2 (COVID-19).<\/p>\n\n\n\n<p>De acuerdo con Lorena Ixtepan Mart\u00ednez, responsable de la FNERRR en Veracruz, los estudiantes alzaron nuevamente la voz para externar al gobierno federal y estatal que las medidas implementadas para el manejo de la pandemia han \u201cfracasado\u201d.<\/p>\n\n\n\n<p>\u201cLa visi\u00f3n que el Presidente tiene con respecto a reactivar las clases presenciales es un error, pues expone principalmente la vida de ni\u00f1os y j\u00f3venes\u201d, expres\u00f3.<\/p>\n\n\n\n<p>La entrevistada record\u00f3 que la variante Delta del COVID-19 afecta principalmente a personas menores de 30 a\u00f1os y, adem\u00e1s, con m\u00e1s de 77 mil 500 casos confirmados, la entidad se encuentra en sem\u00e1foro epidemiol\u00f3gico color naranja, de riesgo alto de contagio.<\/p>\n\n\n\n<p>Agreg\u00f3 que el regreso a los planteles podr\u00eda tratarse de una \u201cmaniobra\u201d por parte del gobierno para responsabilizar a madres, padres y a la comunidad estudiantil de un posible rebrote de coronavirus.<\/p>\n\n\n\n<p>\u201cEsta es la situaci\u00f3n real en medio de la cual el Presidente dice que habr\u00e1 clases presenciales a finales de agosto llueva, truene o relampaguee\u201d.<\/p>\n\n\n\n<p>Por tal motivo, los estudiantes de la FNERRR, agrupaci\u00f3n adherida a Antorcha Campesina, coloc\u00f3 mantas sobre las fachadas de sus planteles educativos para promover \u201cel no regreso a las aulas\u201d.<\/p>\n\n\n\n<p>El pr\u00f3ximo 5 de agosto habr\u00e1 manifestaciones a nivel nacional por el mismo motivo y, de manera simult\u00e1nea, los alumnos har\u00e1n una cadena humana en el parque Ju\u00e1rez de esta ciudad capital, en punto de las diez de la ma\u00f1ana.<\/p>\n","protected":false},"excerpt":{"rendered":"<p>Juan Arcos Xalapa, Ver.- Integrantes de la Federaci\u00f3n Nacional de Estudiantes Revolucionarios Rafael Ram\u00edrez iniciaron la toma de escuelas en el estado de Veracruz, en rechazo al regreso a clases presenciales el pr\u00f3ximo 30 de agosto. Se pronunciaron nuevamente a favor del retorno a las aulas, pero hasta que la mayor\u00eda de los alumnos est\u00e9n [&hellip;]<\/p>\n","protected":false},"author":1,"featured_media":16914,"comment_status":"open","ping_status":"open","sticky":false,"template":"","format":"standard","meta":{"_jetpack_memberships_contains_paid_content":false,"footnotes":""},"categories":[2],"tags":[],"class_list":["post-16913","post","type-post","status-publish","format-standard","has-post-thumbnail","hentry","category-estado"],"jetpack_featured_media_url":"https:\/\/encuentroinformativo.com.mx\/wp-content\/uploads\/2021\/07\/F5C3EF90-F92B-46F8-BFD0-CF0F80B57BE7.jpeg","jetpack_sharing_enabled":true,"jetpack_likes_enabled":true,"amp_enabled":true,"_links":{"self":[{"href":"https:\/\/encuentroinformativo.com.mx\/index.php?rest_route=\/wp\/v2\/posts\/16913","targetHints":{"allow":["GET"]}}],"collection":[{"href":"https:\/\/encuentroinformativo.com.mx\/index.php?rest_route=\/wp\/v2\/posts"}],"about":[{"href":"https:\/\/encuentroinformativo.com.mx\/index.php?rest_route=\/wp\/v2\/types\/post"}],"author":[{"embeddable":true,"href":"https:\/\/encuentroinformativo.com.mx\/index.php?rest_route=\/wp\/v2\/users\/1"}],"replies":[{"embeddable":true,"href":"https:\/\/encuentroinformativo.com.mx\/index.php?rest_route=%2Fwp%2Fv2%2Fcomments&post=16913"}],"version-history":[{"count":1,"href":"https:\/\/encuentroinformativo.com.mx\/index.php?rest_route=\/wp\/v2\/posts\/16913\/revisions"}],"predecessor-version":[{"id":16915,"href":"https:\/\/encuentroinformativo.com.mx\/index.php?rest_route=\/wp\/v2\/posts\/16913\/revisions\/16915"}],"wp:featuredmedia":[{"embeddable":true,"href":"https:\/\/encuentroinformativo.com.mx\/index.php?rest_route=\/wp\/v2\/media\/16914"}],"wp:attachment":[{"href":"https:\/\/encuentroinformativo.com.mx\/index.php?rest_route=%2Fwp%2Fv2%2Fmedia&parent=16913"}],"wp:term":[{"taxonomy":"category","embeddable":true,"href":"https:\/\/encuentroinformativo.com.mx\/index.php?rest_route=%2Fwp%2Fv2%2Fcategories&post=16913"},{"taxonomy":"post_tag","embeddable":true,"href":"https:\/\/encuentroinformativo.com.mx\/index.php?rest_route=%2Fwp%2Fv2%2Ftags&post=16913"}],"curies":[{"name":"wp","href":"https:\/\/api.w.org\/{rel}","templated":true}]}}